{"id":1005,"date":"2026-01-07T23:56:03","date_gmt":"2026-01-07T23:56:03","guid":{"rendered":"https:\/\/lenstv.mx\/?p=1005"},"modified":"2026-01-07T23:56:03","modified_gmt":"2026-01-07T23:56:03","slug":"2026-un-ano-que-cristalizara-retos-en-el-poder-judicial-magistrado-presidente-carlos-villegas-marquez","status":"publish","type":"post","link":"https:\/\/lenstv.mx\/index.php\/2026\/01\/07\/2026-un-ano-que-cristalizara-retos-en-el-poder-judicial-magistrado-presidente-carlos-villegas-marquez\/","title":{"rendered":"2026 UN A\u00d1O QUE CRISTALIZAR\u00c1 RETOS EN EL PODER JUDICIAL: MAGISTRADO PRESIDENTE CARLOS VILLEGAS M\u00c1RQUEZ"},"content":{"rendered":"<p>El Pleno del Tribunal Superior de Justicia, apertur\u00f3 su primer periodo de sesiones ordinarias correspondientes al a\u00f1o 2026, que de acuerdo con el Art. 13 de la Ley Org\u00e1nica del Poder Judicial, inicia el primer d\u00eda h\u00e1bil del mes de enero y culmina el \u00faltimo d\u00eda h\u00e1bil del mes de julio.<\/p>\n<p>Durante la celebraci\u00f3n de esta primera sesi\u00f3n, el Magistrado Presidente, Carlos Villegas M\u00e1rquez, aprovech\u00f3 la oportunidad para desearles a sus compa\u00f1eras magistradas y magistrados un a\u00f1o de metas cumplidas, de consolidaci\u00f3n de muchos proyectos que tiene en puerta el Poder Judicial y especialmente de crecimiento en el \u00e1mbito profesional, para seguir ofreciendo al justiciable la atenci\u00f3n que demanda en cada nuevo expediente, en cada juicio y cada exigencia de justicia.<\/p>\n<p><img loading=\"lazy\" decoding=\"async\" class=\"size-medium wp-image-1006 aligncenter\" src=\"https:\/\/lenstv.mx\/wp-content\/uploads\/2026\/01\/WhatsApp-Image-2026-01-07-at-4.48.01-PM-300x210.jpeg\" alt=\"\" width=\"300\" height=\"210\" srcset=\"https:\/\/lenstv.mx\/wp-content\/uploads\/2026\/01\/WhatsApp-Image-2026-01-07-at-4.48.01-PM-300x210.jpeg 300w, https:\/\/lenstv.mx\/wp-content\/uploads\/2026\/01\/WhatsApp-Image-2026-01-07-at-4.48.01-PM-1024x716.jpeg 1024w, https:\/\/lenstv.mx\/wp-content\/uploads\/2026\/01\/WhatsApp-Image-2026-01-07-at-4.48.01-PM-768x537.jpeg 768w, https:\/\/lenstv.mx\/wp-content\/uploads\/2026\/01\/WhatsApp-Image-2026-01-07-at-4.48.01-PM-1536x1073.jpeg 1536w, https:\/\/lenstv.mx\/wp-content\/uploads\/2026\/01\/WhatsApp-Image-2026-01-07-at-4.48.01-PM.jpeg 1600w\" sizes=\"auto, (max-width: 300px) 100vw, 300px\" \/><\/p>\n<p>De igual manera en esta primera sesi\u00f3n del periodo se reasignaron las presidencias de las salas que conforman al Tribunal Superior de Justicia, siendo reelectos para este a\u00f1o el Magistrado Virgilio Rivera Delgadillo como Presidente de la Sala Familiar, as\u00ed como el Magistrado Rafael Espinoza Olague, Presidente de la Sala Civil, mientras que la Magistrada Ver\u00f3nica Basurto Robles fue electa Presidenta de la Primera Sala Penal y el Magistrado Juan Antonio Ortega Aparicio, Presidente de la Segunda Sala Penal y Justicia para Adolescentes.<\/p>\n<p>En este sentido, las y los integrantes del Pleno acordaron redoblar esfuerzos para consolidar el a\u00f1o 2026 como un periodo de metas alcanzadas, proyectos cristalizados y un avance significativo en la transici\u00f3n a la tan anhelada justicia en l\u00ednea, as\u00ed como capacitaci\u00f3n y profesionalizaci\u00f3n para el personal del Poder Judicial y operadores del sistema de impartici\u00f3n y procuraci\u00f3n de justicia en el estado y gremio de abogadas y abogados postulantes.<\/p>\n","protected":false},"excerpt":{"rendered":"<p>El Pleno del Tribunal Superior de Justicia, apertur\u00f3 su primer periodo de sesiones ordinarias correspondientes al a\u00f1o 2026, que de acuerdo con el Art. 13 de la Ley Org\u00e1nica del Poder Judicial, inicia el primer d\u00eda h\u00e1bil del mes de enero y culmina el \u00faltimo d\u00eda h\u00e1bil del mes de julio. Durante la celebraci\u00f3n de [&hellip;]<\/p>\n","protected":false},"author":3,"featured_media":1007,"comment_status":"open","ping_status":"open","sticky":false,"template":"","format":"standard","meta":{"footnotes":""},"categories":[2,3],"tags":[],"class_list":["post-1005","post","type-post","status-publish","format-standard","has-post-thumbnail","hentry","category-lens-noticias","category-locales"],"_links":{"self":[{"href":"https:\/\/lenstv.mx\/index.php\/wp-json\/wp\/v2\/posts\/1005","targetHints":{"allow":["GET"]}}],"collection":[{"href":"https:\/\/lenstv.mx\/index.php\/wp-json\/wp\/v2\/posts"}],"about":[{"href":"https:\/\/lenstv.mx\/index.php\/wp-json\/wp\/v2\/types\/post"}],"author":[{"embeddable":true,"href":"https:\/\/lenstv.mx\/index.php\/wp-json\/wp\/v2\/users\/3"}],"replies":[{"embeddable":true,"href":"https:\/\/lenstv.mx\/index.php\/wp-json\/wp\/v2\/comments?post=1005"}],"version-history":[{"count":1,"href":"https:\/\/lenstv.mx\/index.php\/wp-json\/wp\/v2\/posts\/1005\/revisions"}],"predecessor-version":[{"id":1008,"href":"https:\/\/lenstv.mx\/index.php\/wp-json\/wp\/v2\/posts\/1005\/revisions\/1008"}],"wp:featuredmedia":[{"embeddable":true,"href":"https:\/\/lenstv.mx\/index.php\/wp-json\/wp\/v2\/media\/1007"}],"wp:attachment":[{"href":"https:\/\/lenstv.mx\/index.php\/wp-json\/wp\/v2\/media?parent=1005"}],"wp:term":[{"taxonomy":"category","embeddable":true,"href":"https:\/\/lenstv.mx\/index.php\/wp-json\/wp\/v2\/categories?post=1005"},{"taxonomy":"post_tag","embeddable":true,"href":"https:\/\/lenstv.mx\/index.php\/wp-json\/wp\/v2\/tags?post=1005"}],"curies":[{"name":"wp","href":"https:\/\/api.w.org\/{rel}","templated":true}]}}