{"id":1015,"date":"2026-01-08T00:30:44","date_gmt":"2026-01-08T00:30:44","guid":{"rendered":"https:\/\/lenstv.mx\/?p=1015"},"modified":"2026-01-08T00:30:44","modified_gmt":"2026-01-08T00:30:44","slug":"camilo-septimo-aterciopelados-majo-aguilar-elefantes-shinova-y-javiera-mena-fusionan-sus-exitos-con-mariachi","status":"publish","type":"post","link":"https:\/\/lenstv.mx\/index.php\/2026\/01\/08\/camilo-septimo-aterciopelados-majo-aguilar-elefantes-shinova-y-javiera-mena-fusionan-sus-exitos-con-mariachi\/","title":{"rendered":"CAMILO S\u00c9PTIMO, ATERCIOPELADOS, MAJO AGUILAR, ELEFANTES, SHINOVA Y JAVIERA MENA FUSIONAN SUS \u00c9XITOS CON MARIACHI"},"content":{"rendered":"<p>El pulso musical de M\u00e9xico vivir\u00e1 un momento hist\u00f3rico este S\u00e1bado 28 de Febrero de 2026 con la llegada del\u00a0<b>Festival Mariachi El\u00e1stico<\/b>, un encuentro que promete romper fronteras sonoras y emocionales al reunir en un mismo escenario a algunas de las propuestas m\u00e1s influyentes de Iberoam\u00e9rica. El evento se llevar\u00e1 a cabo en\u00a0<b>Sala Urbana<\/b>, ubicada en\u00a0<b>Blvd. Toluca 115, El Conde, Naucalpan de Ju\u00e1rez, Estado de M\u00e9xico<\/b>, un foro que se ha consolidado como punto de encuentro para propuestas innovadoras y de gran carga art\u00edstica. La cita est\u00e1 programada\u00a0<b>a partir de las siete de la noche<\/b>, en una velada que desde ahora est\u00e1 despertando una expectaci\u00f3n monumental entre el p\u00fablico y contar\u00e1 con la presencia de\u00a0<b>Camilo S\u00e9ptimo, Majo Aguilar, Elefantes, Aterciopelados, Shinova\u00a0<\/b>y<b>\u00a0Javiera Mena<\/b>.<\/p>\n<p><img loading=\"lazy\" decoding=\"async\" class=\"alignnone size-medium wp-image-1010\" src=\"https:\/\/lenstv.mx\/wp-content\/uploads\/2026\/01\/MARIACHI-ELASTICO-FESTIVAL-CAMILO-SEPTIMO-225x300.jpg\" alt=\"\" width=\"225\" height=\"300\" srcset=\"https:\/\/lenstv.mx\/wp-content\/uploads\/2026\/01\/MARIACHI-ELASTICO-FESTIVAL-CAMILO-SEPTIMO-225x300.jpg 225w, https:\/\/lenstv.mx\/wp-content\/uploads\/2026\/01\/MARIACHI-ELASTICO-FESTIVAL-CAMILO-SEPTIMO-768x1024.jpg 768w, https:\/\/lenstv.mx\/wp-content\/uploads\/2026\/01\/MARIACHI-ELASTICO-FESTIVAL-CAMILO-SEPTIMO-1152x1536.jpg 1152w, https:\/\/lenstv.mx\/wp-content\/uploads\/2026\/01\/MARIACHI-ELASTICO-FESTIVAL-CAMILO-SEPTIMO-1024x1365.jpg 1024w, https:\/\/lenstv.mx\/wp-content\/uploads\/2026\/01\/MARIACHI-ELASTICO-FESTIVAL-CAMILO-SEPTIMO.jpg 1536w\" sizes=\"auto, (max-width: 225px) 100vw, 225px\" \/><img loading=\"lazy\" decoding=\"async\" class=\"alignnone size-medium wp-image-1011\" src=\"https:\/\/lenstv.mx\/wp-content\/uploads\/2026\/01\/MARIACHI-ELASTICO-FESTIVAL-ELEFANTES-240x300.jpg\" alt=\"\" width=\"240\" height=\"300\" srcset=\"https:\/\/lenstv.mx\/wp-content\/uploads\/2026\/01\/MARIACHI-ELASTICO-FESTIVAL-ELEFANTES-240x300.jpg 240w, https:\/\/lenstv.mx\/wp-content\/uploads\/2026\/01\/MARIACHI-ELASTICO-FESTIVAL-ELEFANTES-819x1024.jpg 819w, https:\/\/lenstv.mx\/wp-content\/uploads\/2026\/01\/MARIACHI-ELASTICO-FESTIVAL-ELEFANTES-768x960.jpg 768w, https:\/\/lenstv.mx\/wp-content\/uploads\/2026\/01\/MARIACHI-ELASTICO-FESTIVAL-ELEFANTES-1024x1280.jpg 1024w, https:\/\/lenstv.mx\/wp-content\/uploads\/2026\/01\/MARIACHI-ELASTICO-FESTIVAL-ELEFANTES.jpg 1080w\" sizes=\"auto, (max-width: 240px) 100vw, 240px\" \/><\/p>\n<p>\u201cMariachi El\u00e1stico\u201d surge con una visi\u00f3n audaz y profundamente mexicana:\u00a0<b>fusionar el sonido tradicional del mariachi con g\u00e9neros contempor\u00e1neos<\/b>, desde el rock alternativo hasta el pop electr\u00f3nico, para dar vida a un espect\u00e1culo irrepetible donde los cl\u00e1sicos universales y los \u00e9xitos modernos se adaptan a un formato lleno de identidad, brillo y emoci\u00f3n. La propuesta no s\u00f3lo celebra la evoluci\u00f3n de la m\u00fasica, sino que tambi\u00e9n reivindica el mariachi como un lenguaje capaz de abrazar al mundo entero. Los boletos ya est\u00e1n disponibles a trav\u00e9s del sistema\u00a0<b>Passline.\u00a0<\/b><b>Con este evento, Artemisa Music sigue resaltando por sus conciertos de alto nivel, modernos e innovadores como este.<\/b><\/p>\n<p>&nbsp;<\/p>\n<p>El cartel, que ya se perfila como uno de los m\u00e1s llamativos del a\u00f1o, est\u00e1 encabezado por\u00a0<b>Camilo S\u00e9ptimo<\/b>, una de las bandas mexicanas m\u00e1s queridas de la escena alternativa. Reconocidos por temas como \u201cVicio\u201d, \u201cNo conf\u00edes en m\u00ed\u201d y \u201cMi\u00e9nteme\u201d, el grupo explorar\u00e1 por primera vez su repertorio en clave de mariachi, un reto art\u00edstico que ha generado enorme curiosidad entre sus seguidores.<\/p>\n<p><img loading=\"lazy\" decoding=\"async\" class=\"size-medium wp-image-1013 aligncenter\" src=\"https:\/\/lenstv.mx\/wp-content\/uploads\/2026\/01\/MARIACHI-ELASTICO-FESTIVAL-MAJO-AGUILAR-240x300.jpg\" alt=\"\" width=\"240\" height=\"300\" srcset=\"https:\/\/lenstv.mx\/wp-content\/uploads\/2026\/01\/MARIACHI-ELASTICO-FESTIVAL-MAJO-AGUILAR-240x300.jpg 240w, https:\/\/lenstv.mx\/wp-content\/uploads\/2026\/01\/MARIACHI-ELASTICO-FESTIVAL-MAJO-AGUILAR-819x1024.jpg 819w, https:\/\/lenstv.mx\/wp-content\/uploads\/2026\/01\/MARIACHI-ELASTICO-FESTIVAL-MAJO-AGUILAR-768x960.jpg 768w, https:\/\/lenstv.mx\/wp-content\/uploads\/2026\/01\/MARIACHI-ELASTICO-FESTIVAL-MAJO-AGUILAR-1024x1280.jpg 1024w, https:\/\/lenstv.mx\/wp-content\/uploads\/2026\/01\/MARIACHI-ELASTICO-FESTIVAL-MAJO-AGUILAR.jpg 1080w\" sizes=\"auto, (max-width: 240px) 100vw, 240px\" \/><\/p>\n<p>En el marco de esta celebraci\u00f3n que une tradici\u00f3n y vanguardia, el festival anunci\u00f3 con enorme entusiasmo la incorporaci\u00f3n de\u00a0<b>Majo Aguilar<\/b>, un nombre cuya presencia parec\u00eda inevitable en una fiesta donde el mariachi se fusiona con el pop y el rock de manera tan audaz.\u00a0<b>La Princesa del Regional Mexicano<\/b>\u00a0llega para completar el esp\u00edritu del Mariachi El\u00e1stico y elevarlo a territorios inesperados con un set especial que promete encender Sala Urbana. La llamada\u00a0<i>Ranchera Gal\u00e1ctica<\/i>\u00a0interpretar\u00e1, en clave de mariachi, himnos de figuras legendarias como\u00a0<b>Gustavo Cerati, Los Prisioneros y Charly Garc\u00eda<\/b>, en una apuesta art\u00edstica que s\u00f3lo una voz como la suya puede llevar a buen puerto. Para quienes buscan ver a Majo Aguilar en una faceta absolutamente fuera de serie, esta ser\u00e1 una oportunidad irrepetible.<\/p>\n<p>&nbsp;<\/p>\n<p>Desde Espa\u00f1a llegar\u00e1\u00a0<b>Elefantes<\/b>, agrupaci\u00f3n emblem\u00e1tica del pop-rock ib\u00e9rico liderada por Shuarma, cuya sensibilidad interpretativa y potencia emocional han marcado a generaciones enteras. Canciones como \u201cAzul\u201d, \u201cMe gustar\u00eda poder hacerte feliz\u201d o \u201cQue yo no lo sab\u00eda\u201d adquirir\u00e1n una nueva dimensi\u00f3n envueltas en trompetas, violines y guitarr\u00f3n, en un ejercicio creativo pocas veces visto en M\u00e9xico.<\/p>\n<p>&nbsp;<\/p>\n<p>La presencia colombiana estar\u00e1 en manos de\u00a0<b>Aterciopelados<\/b>, una de las bandas latinoamericanas m\u00e1s influyentes, pionera en la fusi\u00f3n de rock, folclor y conciencia social. Andrea Echeverri y H\u00e9ctor Buitrago prometen llevar al mariachi himnos como \u201cBolero falaz\u201d, \u201cFlorecita rockera\u201d o \u201cMaligno\u201d, en una reinterpretaci\u00f3n que seguramente quedar\u00e1 grabada como una de las grandes joyas del festival.<\/p>\n<p>&nbsp;<\/p>\n<p>Tambi\u00e9n desde Espa\u00f1a,\u00a0<b>Shinova<\/b>, uno de los proyectos m\u00e1s s\u00f3lidos del rock alternativo contempor\u00e1neo, har\u00e1 su aterrizaje en Sala Urbana para ofrecer versiones \u00fanicas de canciones cargadas de sensibilidad y fuerza emocional como \u201cTe debo una canci\u00f3n\u201d, \u201c\u00cddolos (los mejores momentos est\u00e1n por llegar)\u201d o \u201cMirlo blanco\u201d. La elegancia l\u00edrica y la intensidad vocal de Gabriel de la Rosa encontrar\u00e1n un nuevo cauce en el abrazo c\u00e1lido del mariachi.<\/p>\n<p>&nbsp;<\/p>\n<p>Desde Chile, la vanguardista\u00a0<b>Javiera Mena<\/b>\u00a0a\u00f1adir\u00e1 un matiz completamente distinto al festival. Conocida por su propuesta pop electr\u00f3nica, himnos como \u201cEspada\u201d, \u201cLuz de piedra de luna\u201d o \u201cOtra era\u201d respirar\u00e1n en un formato inesperado que mezcla modernidad, identidad y tradici\u00f3n. Su presencia confirma que el mariachi, lejos de ser un g\u00e9nero est\u00e1tico, es un lienzo capaz de dialogar con las nuevas sensibilidades globales lo que ha incrementado la conversaci\u00f3n en redes sociales y ha colocado al evento entre los m\u00e1s esperados del calendario cultural.<\/p>\n<p>&nbsp;<\/p>\n<p align=\"center\">\n<p>El evento se llevar\u00e1 a cabo en\u00a0<b>Sala Urbana<\/b>, ubicada en\u00a0<b>Blvd. Toluca 115, El Conde, Naucalpan de Ju\u00e1rez, Estado de M\u00e9xico a partir de las siete de la noche.<\/b>\u00a0Los boletos ya est\u00e1n disponibles a trav\u00e9s del sistema\u00a0<b>Passline<\/b>, y la respuesta del p\u00fablico ha sido inmediata. A pocas horas del anuncio oficial, el entusiasmo por esta experiencia musical sin precedentes ha dejado claro que Mariachi El\u00e1stico no es s\u00f3lo un concierto: es un homenaje a la tradici\u00f3n, una celebraci\u00f3n a la innovaci\u00f3n y un puente art\u00edstico que une a M\u00e9xico con el mundo.<\/p>\n","protected":false},"excerpt":{"rendered":"<p>El pulso musical de M\u00e9xico vivir\u00e1 un momento hist\u00f3rico este S\u00e1bado 28 de Febrero de 2026 con la llegada del\u00a0Festival Mariachi El\u00e1stico, un encuentro que promete romper fronteras sonoras y emocionales al reunir en un mismo escenario a algunas de las propuestas m\u00e1s influyentes de Iberoam\u00e9rica. El evento se llevar\u00e1 a cabo en\u00a0Sala Urbana, ubicada [&hellip;]<\/p>\n","protected":false},"author":3,"featured_media":1012,"comment_status":"open","ping_status":"open","sticky":false,"template":"","format":"standard","meta":{"footnotes":""},"categories":[6],"tags":[],"class_list":["post-1015","post","type-post","status-publish","format-standard","has-post-thumbnail","hentry","category-espectaculos"],"_links":{"self":[{"href":"https:\/\/lenstv.mx\/index.php\/wp-json\/wp\/v2\/posts\/1015","targetHints":{"allow":["GET"]}}],"collection":[{"href":"https:\/\/lenstv.mx\/index.php\/wp-json\/wp\/v2\/posts"}],"about":[{"href":"https:\/\/lenstv.mx\/index.php\/wp-json\/wp\/v2\/types\/post"}],"author":[{"embeddable":true,"href":"https:\/\/lenstv.mx\/index.php\/wp-json\/wp\/v2\/users\/3"}],"replies":[{"embeddable":true,"href":"https:\/\/lenstv.mx\/index.php\/wp-json\/wp\/v2\/comments?post=1015"}],"version-history":[{"count":1,"href":"https:\/\/lenstv.mx\/index.php\/wp-json\/wp\/v2\/posts\/1015\/revisions"}],"predecessor-version":[{"id":1016,"href":"https:\/\/lenstv.mx\/index.php\/wp-json\/wp\/v2\/posts\/1015\/revisions\/1016"}],"wp:featuredmedia":[{"embeddable":true,"href":"https:\/\/lenstv.mx\/index.php\/wp-json\/wp\/v2\/media\/1012"}],"wp:attachment":[{"href":"https:\/\/lenstv.mx\/index.php\/wp-json\/wp\/v2\/media?parent=1015"}],"wp:term":[{"taxonomy":"category","embeddable":true,"href":"https:\/\/lenstv.mx\/index.php\/wp-json\/wp\/v2\/categories?post=1015"},{"taxonomy":"post_tag","embeddable":true,"href":"https:\/\/lenstv.mx\/index.php\/wp-json\/wp\/v2\/tags?post=1015"}],"curies":[{"name":"wp","href":"https:\/\/api.w.org\/{rel}","templated":true}]}}