{"id":1023,"date":"2026-01-08T01:18:15","date_gmt":"2026-01-08T01:18:15","guid":{"rendered":"https:\/\/lenstv.mx\/?p=1023"},"modified":"2026-01-08T01:18:15","modified_gmt":"2026-01-08T01:18:15","slug":"junior-h-fortalece-su-impacto-musical-y-humano-durante-un-2025-decisivo-en-su-carrera","status":"publish","type":"post","link":"https:\/\/lenstv.mx\/index.php\/2026\/01\/08\/junior-h-fortalece-su-impacto-musical-y-humano-durante-un-2025-decisivo-en-su-carrera\/","title":{"rendered":"JUNIOR H FORTALECE SU IMPACTO MUSICAL Y HUMANO DURANTE UN 2025 DECISIVO EN SU CARRERA"},"content":{"rendered":"<div id=\":pc\" class=\"ii gt\">\n<div id=\":pi\" class=\"a3s aiL\">\n<div id=\"avWBGd-356\">\n<div dir=\"ltr\">\n<div class=\"gmail_quote\">\n<div dir=\"ltr\">\n<div>\n<p>El 2025 represent\u00f3 un a\u00f1o determinante en la trayectoria de\u00a0<b>Junior H<\/b>, quien consolid\u00f3 su posici\u00f3n como una de las figuras m\u00e1s relevantes de la m\u00fasica mexicana actual, luego de combinar un \u00e9xito contundente en los escenarios, con una participaci\u00f3n activa en diversas causas sociales. Durante este periodo, el artista hizo historia al agotar seis fechas en la Plaza de Toros M\u00e9xico, extendi\u00f3 su impacto con una exitosa gira por Estados Unidos, llev\u00f3 el regional mexicano a un escaparate internacional con su participaci\u00f3n en Coachella y, de manera paralela, encabez\u00f3 acciones de apoyo comunitario en Veracruz y Jalisco, cerrando el a\u00f1o con el anuncio de un nuevo \u00e1lbum y una gira por Latinoam\u00e9rica que marcar\u00e1n el inicio de una nueva etapa en su carrera. En este video est\u00e1 clar\u00edsimo el a\u00f1o tan grande que tuvo Junior H en este 2025:\u00a0<a href=\"https:\/\/youtu.be\/2xaLwrtc3IQ\" target=\"_blank\" rel=\"noopener\" data-saferedirecturl=\"https:\/\/www.google.com\/url?q=https:\/\/youtu.be\/2xaLwrtc3IQ&amp;source=gmail&amp;ust=1767914528097000&amp;usg=AOvVaw23bpPW6xMZsFrdGOjPblRq\">https:\/\/youtu.be\/2xaLwrtc3IQ<\/a><\/p>\n<p>&nbsp;<\/p>\n<p><img loading=\"lazy\" decoding=\"async\" class=\"size-medium wp-image-1024 aligncenter\" src=\"https:\/\/lenstv.mx\/wp-content\/uploads\/2026\/01\/JUNIOR-H-2026-MINISTERIOS-DE-AMOR-FOTO2-300x200.jpg\" alt=\"\" width=\"300\" height=\"200\" srcset=\"https:\/\/lenstv.mx\/wp-content\/uploads\/2026\/01\/JUNIOR-H-2026-MINISTERIOS-DE-AMOR-FOTO2-300x200.jpg 300w, https:\/\/lenstv.mx\/wp-content\/uploads\/2026\/01\/JUNIOR-H-2026-MINISTERIOS-DE-AMOR-FOTO2-1024x682.jpg 1024w, https:\/\/lenstv.mx\/wp-content\/uploads\/2026\/01\/JUNIOR-H-2026-MINISTERIOS-DE-AMOR-FOTO2-768x512.jpg 768w, https:\/\/lenstv.mx\/wp-content\/uploads\/2026\/01\/JUNIOR-H-2026-MINISTERIOS-DE-AMOR-FOTO2.jpg 1292w\" sizes=\"auto, (max-width: 300px) 100vw, 300px\" \/><\/p>\n<p>En un ecosistema del espect\u00e1culo cada vez m\u00e1s saturado de est\u00edmulos y m\u00e9tricas ef\u00edmeras, Junior H logr\u00f3 algo que pocas marcas culturales alcanzan: convertir el \u00e9xito comercial en un relato con sentido, capaz de dialogar con audiencias, territorios y causas. Su a\u00f1o no se explica \u00fanicamente por boletos vendidos, sino por la coherencia entre su discurso, la acci\u00f3n que prodiga y su expansi\u00f3n estrat\u00e9gica gracias a la visi\u00f3n de una promotora como MusicVibe que ha logrado entender la esencia del artista y de su equipo de trabajo que lo arropa con determinaci\u00f3n.<\/p>\n<p>&nbsp;<\/p>\n<p>La Ciudad de M\u00e9xico fue el epicentro de un hito que reconfigur\u00f3 los est\u00e1ndares del regional mexicano en recintos de gran formato. Seis fechas agotadas en la\u00a0<b>Plaza de Toros M\u00e9xico<\/b>\u00a0reunieron a 156 mil personas en una secuencia de noches que trascendieron la l\u00f3gica del concierto para convertirse en un acontecimiento cultural. La narrativa que se construy\u00f3 alrededor de estas presentaciones posicion\u00f3 a Junior H como un fen\u00f3meno transversal, capaz de convocar a p\u00fablicos diversos bajo una misma identidad emocional, reforzando su valor como activo premium para promotores, plataformas y patrocinadores.<\/p>\n<p><img loading=\"lazy\" decoding=\"async\" class=\"size-medium wp-image-1025 aligncenter\" src=\"https:\/\/lenstv.mx\/wp-content\/uploads\/2026\/01\/JUNIOR-H-2026-MINTSERIOS-DE-AMOR-FOTO1-300x200.jpg\" alt=\"\" width=\"300\" height=\"200\" srcset=\"https:\/\/lenstv.mx\/wp-content\/uploads\/2026\/01\/JUNIOR-H-2026-MINTSERIOS-DE-AMOR-FOTO1-300x200.jpg 300w, https:\/\/lenstv.mx\/wp-content\/uploads\/2026\/01\/JUNIOR-H-2026-MINTSERIOS-DE-AMOR-FOTO1-1024x682.jpg 1024w, https:\/\/lenstv.mx\/wp-content\/uploads\/2026\/01\/JUNIOR-H-2026-MINTSERIOS-DE-AMOR-FOTO1-768x512.jpg 768w, https:\/\/lenstv.mx\/wp-content\/uploads\/2026\/01\/JUNIOR-H-2026-MINTSERIOS-DE-AMOR-FOTO1.jpg 1292w\" sizes=\"auto, (max-width: 300px) 100vw, 300px\" \/><\/p>\n<p>En paralelo, dentro del mercado estadounidense, Junior H confirm\u00f3 su peso estrat\u00e9gico dentro de su arquitectura de crecimiento. La gira por Estados Unidos no solo replic\u00f3 el \u00e9xito de taquilla, sino que reafirm\u00f3 su dominio en un territorio clave para la m\u00fasica latina, donde la competencia es feroz y la permanencia depende de la conexi\u00f3n real con audiencias multiculturales. A este posicionamiento se sum\u00f3 su presencia en uno de los escaparates globales m\u00e1s influyentes de la industria musical, donde el regional mexicano dej\u00f3 de ser una categor\u00eda perif\u00e9rica para instalarse en la conversaci\u00f3n internacional como una propuesta contempor\u00e1nea, aut\u00e9ntica y exportable.<\/p>\n<p>&nbsp;<\/p>\n<p>Sin embargo, para Junior H el verdadero diferenciador de su 2025 se construy\u00f3 fuera del escenario. La activaci\u00f3n de la BrigaSAD en Poza Rica, con la intervenci\u00f3n directa en m\u00e1s de un centenar de viviendas afectadas por inundaciones, mostr\u00f3 una dimensi\u00f3n poco com\u00fan en artistas de su escala. No se trat\u00f3 de un gesto simb\u00f3lico ni de una campa\u00f1a de imagen, sino de presencia f\u00edsica, trabajo en el terreno y una respuesta inmediata ante la emergencia. Este compromiso fue reconocido por la propia comunidad veracruzana durante su concierto de diciembre, en un momento que reforz\u00f3 la legitimidad de su discurso social y consolid\u00f3 una relaci\u00f3n de confianza que ninguna pauta publicitaria podr\u00eda comprar.<\/p>\n<p>&nbsp;<\/p>\n<p>Ese mismo hilo humano se manifest\u00f3 con fuerza a finales de a\u00f1o en Guadalajara, cuando el artista apareci\u00f3 sin protocolos ni reflectores en la sede de Ministerios de Amor. La convivencia espont\u00e1nea con los j\u00f3venes, el di\u00e1logo abierto sobre su historia personal y la cercan\u00eda expresada en abrazos, aut\u00f3grafos y una carnita asada compartida, revelaron una estrategia basada en la autenticidad radical. Los donativos entregados de manera directa para fortalecer la infraestructura y operaci\u00f3n de las fundaciones involucradas cerraron un c\u00edrculo virtuoso donde la influencia se traduce en acci\u00f3n concreta. Cuando algunos medios le preguntaron sobre como lleg\u00f3 a vincularse en estas causas, Junior H coment\u00f3 un escueto \u201cestamos atentos\u2026\u201d, dejando ver que este es solo el anticipo de lo que ser\u00e1 un abanico m\u00e1s amplio de intervenciones en otras causas sociales. Junior H sigue dando de qu\u00e9 hablar en su solidaridad y apoyo a diversas causas:\u00a0<a href=\"https:\/\/youtu.be\/2xaLwrtc3IQ\" target=\"_blank\" rel=\"noopener\" data-saferedirecturl=\"https:\/\/www.google.com\/url?q=https:\/\/youtu.be\/2xaLwrtc3IQ&amp;source=gmail&amp;ust=1767914528097000&amp;usg=AOvVaw23bpPW6xMZsFrdGOjPblRq\">https:\/\/youtu.be\/2xaLwrtc3IQ<\/a><\/p>\n<p>&nbsp;<\/p>\n<p>Desde la \u00f3ptica del marketing cultural, Junior H entendi\u00f3 en 2025 que la construcci\u00f3n de valor a largo plazo no depende \u00fanicamente de la exposici\u00f3n medi\u00e1tica, sino de la coherencia entre lo que se canta, lo que se comunica y lo que se hace. Ese aprendizaje proyecta con claridad el horizonte de 2026, marcado por el lanzamiento de una nueva producci\u00f3n discogr\u00e1fica tras dos a\u00f1os de espera, cuyo primer adelanto, \u201cLa Gata\u201d, junto a\u00a0<b>Gael Valenzuela<\/b>, anticipa una evoluci\u00f3n sonora alineada con su expansi\u00f3n creativa. A ello se suma el arranque de una gira por Latinoam\u00e9rica que ampliar\u00e1 su huella en el sur del continente, llevando consigo no solo m\u00fasica, sino una identidad que ya opera como movimiento.<\/p>\n<p>As\u00ed, el fen\u00f3meno de los Sad Boyz y las Sad Girls dej\u00f3 de ser un concepto est\u00e9tico para consolidarse como una comunidad activa, con capacidad de movilizaci\u00f3n y conciencia social. En un a\u00f1o donde muchos artistas compitieron por atenci\u00f3n, Junior H apost\u00f3 por profundidad. El resultado fue un 2025 que no solo fortaleci\u00f3 su posici\u00f3n en la industria del espect\u00e1culo, sino que lo proyect\u00f3 como una de las marcas culturales m\u00e1s s\u00f3lidas, influyentes y humanas de la m\u00fasica latinoamericana contempor\u00e1nea.<\/p>\n<\/div>\n<\/div>\n<div class=\"yj6qo\"><\/div>\n<div class=\"adL\"><\/div>\n<\/div>\n<\/div>\n<div class=\"adL\"><\/div>\n<\/div>\n<\/div>\n<\/div>\n<div id=\":qk\" class=\"hq gt\"><\/div>\n","protected":false},"excerpt":{"rendered":"<p>El 2025 represent\u00f3 un a\u00f1o determinante en la trayectoria de\u00a0Junior H, quien consolid\u00f3 su posici\u00f3n como una de las figuras m\u00e1s relevantes de la m\u00fasica mexicana actual, luego de combinar un \u00e9xito contundente en los escenarios, con una participaci\u00f3n activa en diversas causas sociales. Durante este periodo, el artista hizo historia al agotar seis fechas [&hellip;]<\/p>\n","protected":false},"author":3,"featured_media":1026,"comment_status":"open","ping_status":"open","sticky":false,"template":"","format":"standard","meta":{"footnotes":""},"categories":[6,1],"tags":[],"class_list":["post-1023","post","type-post","status-publish","format-standard","has-post-thumbnail","hentry","category-espectaculos","category-varias"],"_links":{"self":[{"href":"https:\/\/lenstv.mx\/index.php\/wp-json\/wp\/v2\/posts\/1023","targetHints":{"allow":["GET"]}}],"collection":[{"href":"https:\/\/lenstv.mx\/index.php\/wp-json\/wp\/v2\/posts"}],"about":[{"href":"https:\/\/lenstv.mx\/index.php\/wp-json\/wp\/v2\/types\/post"}],"author":[{"embeddable":true,"href":"https:\/\/lenstv.mx\/index.php\/wp-json\/wp\/v2\/users\/3"}],"replies":[{"embeddable":true,"href":"https:\/\/lenstv.mx\/index.php\/wp-json\/wp\/v2\/comments?post=1023"}],"version-history":[{"count":1,"href":"https:\/\/lenstv.mx\/index.php\/wp-json\/wp\/v2\/posts\/1023\/revisions"}],"predecessor-version":[{"id":1027,"href":"https:\/\/lenstv.mx\/index.php\/wp-json\/wp\/v2\/posts\/1023\/revisions\/1027"}],"wp:featuredmedia":[{"embeddable":true,"href":"https:\/\/lenstv.mx\/index.php\/wp-json\/wp\/v2\/media\/1026"}],"wp:attachment":[{"href":"https:\/\/lenstv.mx\/index.php\/wp-json\/wp\/v2\/media?parent=1023"}],"wp:term":[{"taxonomy":"category","embeddable":true,"href":"https:\/\/lenstv.mx\/index.php\/wp-json\/wp\/v2\/categories?post=1023"},{"taxonomy":"post_tag","embeddable":true,"href":"https:\/\/lenstv.mx\/index.php\/wp-json\/wp\/v2\/tags?post=1023"}],"curies":[{"name":"wp","href":"https:\/\/api.w.org\/{rel}","templated":true}]}}