{"id":1039,"date":"2026-01-16T02:42:09","date_gmt":"2026-01-16T02:42:09","guid":{"rendered":"https:\/\/lenstv.mx\/?p=1039"},"modified":"2026-01-16T02:42:09","modified_gmt":"2026-01-16T02:42:09","slug":"poder-judicial-del-estado-de-zacatecas-reconoce-que-el-fenomeno-de-la-migracion-es-causante-de-divorcios-y-problemas-familiares-que-pueden-evitarse-desde-el-marco-legislativo","status":"publish","type":"post","link":"https:\/\/lenstv.mx\/index.php\/2026\/01\/16\/poder-judicial-del-estado-de-zacatecas-reconoce-que-el-fenomeno-de-la-migracion-es-causante-de-divorcios-y-problemas-familiares-que-pueden-evitarse-desde-el-marco-legislativo\/","title":{"rendered":"PODER JUDICIAL DEL ESTADO DE ZACATECAS RECONOCE QUE EL FEN\u00d3MENO DE LA MIGRACI\u00d3N ES CAUSANTE DE DIVORCIOS Y PROBLEMAS FAMILIARES QUE PUEDEN EVITARSE DESDE EL MARCO LEGISLATIVO"},"content":{"rendered":"<p>\u201cUn problema fundamental de todos los mexicanos y esencialmente de Zacatecas, es el fen\u00f3meno de la migraci\u00f3n; sus efectos y consecuencias efectivamente se ven reflejadas en el incremento de divorcios y son los hijos quienes viven las consecuencias con mayor sensibilidad\u201d, se\u00f1al\u00f3 el Presidente de la Sala Familiar del Tribunal Superior de Justicia al participar en el Foro \u201cParlamento Abierto Derechos Migrantes\u201d.<\/p>\n<p>El Presidente de la Sala Familiar reconoci\u00f3 que en Zacatecas ha habido grandes avances que han trascendido en temas pol\u00edtico electorales; por ello, dijo, \u201cvale la pena que se tomen iniciativas, acuerdos y pol\u00edtica p\u00fablicas para fortalecer ese nexo entre los que se quedan en M\u00e9xico y los que se van del pa\u00eds\u201d.<\/p>\n<p><img loading=\"lazy\" decoding=\"async\" class=\"size-medium wp-image-1041 aligncenter\" src=\"https:\/\/lenstv.mx\/wp-content\/uploads\/2026\/01\/WhatsApp-Image-2026-01-15-at-5.19.10-PM-300x217.jpeg\" alt=\"\" width=\"300\" height=\"217\" srcset=\"https:\/\/lenstv.mx\/wp-content\/uploads\/2026\/01\/WhatsApp-Image-2026-01-15-at-5.19.10-PM-300x217.jpeg 300w, https:\/\/lenstv.mx\/wp-content\/uploads\/2026\/01\/WhatsApp-Image-2026-01-15-at-5.19.10-PM-1024x740.jpeg 1024w, https:\/\/lenstv.mx\/wp-content\/uploads\/2026\/01\/WhatsApp-Image-2026-01-15-at-5.19.10-PM-768x555.jpeg 768w, https:\/\/lenstv.mx\/wp-content\/uploads\/2026\/01\/WhatsApp-Image-2026-01-15-at-5.19.10-PM.jpeg 1420w\" sizes=\"auto, (max-width: 300px) 100vw, 300px\" \/><\/p>\n<p>Es as\u00ed que se pronunci\u00f3 a nombre del Poder Judicial, donde se sabe que los problemas familiares cuando se tardan en resolver generan problemas sociales y pol\u00edticos, por ello consider\u00f3 que la actual Legislatura tiene todas las banderas para agilizar los procedimientos familiares que se viven en el fen\u00f3meno de la migraci\u00f3n en coordinaci\u00f3n con la Comisi\u00f3n de Derechos Humanos, as\u00ed como la Procuradur\u00eda de Protecci\u00f3n a Ni\u00f1as, Ni\u00f1os, Adolescentes y Familia del SEDIF, Academia y Clubes de Migrantes, para generar pol\u00edticas p\u00fablicas y fortalecer los marcos legales que agilicen los tr\u00e1mites y procedimientos necesarios que se generen entre las familias migrantes.<\/p>\n<p>Este encuentro que reuni\u00f3 a autoridades de los tres \u00f3rdenes de gobierno, as\u00ed como a l\u00edderes de comunidades migrantes en Estados Unidos, presidentes municipales y acad\u00e9micos investigadores.<\/p>\n","protected":false},"excerpt":{"rendered":"<p>\u201cUn problema fundamental de todos los mexicanos y esencialmente de Zacatecas, es el fen\u00f3meno de la migraci\u00f3n; sus efectos y consecuencias efectivamente se ven reflejadas en el incremento de divorcios y son los hijos quienes viven las consecuencias con mayor sensibilidad\u201d, se\u00f1al\u00f3 el Presidente de la Sala Familiar del Tribunal Superior de Justicia al participar [&hellip;]<\/p>\n","protected":false},"author":3,"featured_media":1040,"comment_status":"open","ping_status":"open","sticky":false,"template":"","format":"standard","meta":{"footnotes":""},"categories":[2,3],"tags":[],"class_list":["post-1039","post","type-post","status-publish","format-standard","has-post-thumbnail","hentry","category-lens-noticias","category-locales"],"_links":{"self":[{"href":"https:\/\/lenstv.mx\/index.php\/wp-json\/wp\/v2\/posts\/1039","targetHints":{"allow":["GET"]}}],"collection":[{"href":"https:\/\/lenstv.mx\/index.php\/wp-json\/wp\/v2\/posts"}],"about":[{"href":"https:\/\/lenstv.mx\/index.php\/wp-json\/wp\/v2\/types\/post"}],"author":[{"embeddable":true,"href":"https:\/\/lenstv.mx\/index.php\/wp-json\/wp\/v2\/users\/3"}],"replies":[{"embeddable":true,"href":"https:\/\/lenstv.mx\/index.php\/wp-json\/wp\/v2\/comments?post=1039"}],"version-history":[{"count":1,"href":"https:\/\/lenstv.mx\/index.php\/wp-json\/wp\/v2\/posts\/1039\/revisions"}],"predecessor-version":[{"id":1042,"href":"https:\/\/lenstv.mx\/index.php\/wp-json\/wp\/v2\/posts\/1039\/revisions\/1042"}],"wp:featuredmedia":[{"embeddable":true,"href":"https:\/\/lenstv.mx\/index.php\/wp-json\/wp\/v2\/media\/1040"}],"wp:attachment":[{"href":"https:\/\/lenstv.mx\/index.php\/wp-json\/wp\/v2\/media?parent=1039"}],"wp:term":[{"taxonomy":"category","embeddable":true,"href":"https:\/\/lenstv.mx\/index.php\/wp-json\/wp\/v2\/categories?post=1039"},{"taxonomy":"post_tag","embeddable":true,"href":"https:\/\/lenstv.mx\/index.php\/wp-json\/wp\/v2\/tags?post=1039"}],"curies":[{"name":"wp","href":"https:\/\/api.w.org\/{rel}","templated":true}]}}