{"id":1045,"date":"2026-01-23T20:16:41","date_gmt":"2026-01-23T20:16:41","guid":{"rendered":"https:\/\/lenstv.mx\/?p=1045"},"modified":"2026-01-23T20:16:41","modified_gmt":"2026-01-23T20:16:41","slug":"atienden-pepe-saldivar-y-smdif-a-guadalupenses-en-esta-temporada-invernal","status":"publish","type":"post","link":"https:\/\/lenstv.mx\/index.php\/2026\/01\/23\/atienden-pepe-saldivar-y-smdif-a-guadalupenses-en-esta-temporada-invernal\/","title":{"rendered":"Atienden Pepe Sald\u00edvar y SMDIF a guadalupenses en esta temporada invernal"},"content":{"rendered":"<p>Con el objetivo de abrigar a la poblaci\u00f3n m\u00e1s vulnerable, dando prioridad a adultos mayores, familias en situaci\u00f3n precaria y personas con discapacidad, el Gobierno de Pepe Sald\u00edvar a trav\u00e9s del Sistema Municipal DIF (SMDIF), llev\u00f3 a cabo la entrega de apoyos invernales a habitantes de las comunidades de Guadalupe.<\/p>\n<p>Lo anterior como parte del programa de apoyos invernales que realiza el SMDIF encabezado por Paulina Hern\u00e1ndez Ter\u00e1n, quien enfatiz\u00f3 que estas acciones son implementadas para estas fechas ante la presencia de los frentes fr\u00edos que han ocasionado bajas temperaturas en el territorio municipal.<\/p>\n<p><img loading=\"lazy\" decoding=\"async\" class=\"size-medium wp-image-1046 aligncenter\" src=\"https:\/\/lenstv.mx\/wp-content\/uploads\/2026\/01\/WhatsApp-Image-2026-01-21-at-1.21.44-PM-1-300x200.jpeg\" alt=\"\" width=\"300\" height=\"200\" srcset=\"https:\/\/lenstv.mx\/wp-content\/uploads\/2026\/01\/WhatsApp-Image-2026-01-21-at-1.21.44-PM-1-300x200.jpeg 300w, https:\/\/lenstv.mx\/wp-content\/uploads\/2026\/01\/WhatsApp-Image-2026-01-21-at-1.21.44-PM-1-1024x682.jpeg 1024w, https:\/\/lenstv.mx\/wp-content\/uploads\/2026\/01\/WhatsApp-Image-2026-01-21-at-1.21.44-PM-1-768x512.jpeg 768w, https:\/\/lenstv.mx\/wp-content\/uploads\/2026\/01\/WhatsApp-Image-2026-01-21-at-1.21.44-PM-1-1536x1023.jpeg 1536w, https:\/\/lenstv.mx\/wp-content\/uploads\/2026\/01\/WhatsApp-Image-2026-01-21-at-1.21.44-PM-1.jpeg 1600w\" sizes=\"auto, (max-width: 300px) 100vw, 300px\" \/><\/p>\n<p>Asimismo, se\u00f1al\u00f3 que se tiene el objetivo de seguir entregando en las comunidades de Guadalupe, para tratar de cubrir las diferentes necesidades de las personas con m\u00e1s vulnerabilidad, sobre todo de las zonas rurales de Guadalupe.<\/p>\n<p>Las comunidades donde se han entregado estos apoyos son: Z\u00f3quite, San Jer\u00f3nimo, Ba\u00f1uelos, Viboritas, Laguna de Arriba, el Mastranto, San Ram\u00f3n, Casas Coloradas, Pozos Colectivos, Osiris y La Cocinera.<\/p>\n<p><img loading=\"lazy\" decoding=\"async\" class=\"alignnone size-medium wp-image-1047\" src=\"https:\/\/lenstv.mx\/wp-content\/uploads\/2026\/01\/WhatsApp-Image-2026-01-21-at-1.21.44-PM-300x225.jpeg\" alt=\"\" width=\"300\" height=\"225\" srcset=\"https:\/\/lenstv.mx\/wp-content\/uploads\/2026\/01\/WhatsApp-Image-2026-01-21-at-1.21.44-PM-300x225.jpeg 300w, https:\/\/lenstv.mx\/wp-content\/uploads\/2026\/01\/WhatsApp-Image-2026-01-21-at-1.21.44-PM-1024x768.jpeg 1024w, https:\/\/lenstv.mx\/wp-content\/uploads\/2026\/01\/WhatsApp-Image-2026-01-21-at-1.21.44-PM-768x576.jpeg 768w, https:\/\/lenstv.mx\/wp-content\/uploads\/2026\/01\/WhatsApp-Image-2026-01-21-at-1.21.44-PM-1536x1152.jpeg 1536w, https:\/\/lenstv.mx\/wp-content\/uploads\/2026\/01\/WhatsApp-Image-2026-01-21-at-1.21.44-PM.jpeg 1600w\" sizes=\"auto, (max-width: 300px) 100vw, 300px\" \/><\/p>\n<p>\u201cCon esta estrega, queremos brindarles la posibilidad de mitigar en algo las bajas temperaturas que estamos viviendo en esta temporada invernal\u201d, a\u00f1adi\u00f3 Paulina Hern\u00e1ndez Ter\u00e1n.<\/p>\n<p>Finalmente, la Presidenta Honor\u00edfica del Sistema Municipal DIF, resalt\u00f3 la coordinaci\u00f3n con el SEDIF Zacatecas que preside Sara Hern\u00e1ndez de Monreal, porque gracias a eso, estos apoyos se entregan de manera directa y sin intermediarios tal y como ha sido la encomienda emitida por el Gobernador David Monreal \u00c1vila.<\/p>\n<p><img loading=\"lazy\" decoding=\"async\" class=\"size-medium wp-image-1049 aligncenter\" src=\"https:\/\/lenstv.mx\/wp-content\/uploads\/2026\/01\/WhatsApp-Image-2026-01-21-at-1.21.46-PM-300x200.jpeg\" alt=\"\" width=\"300\" height=\"200\" srcset=\"https:\/\/lenstv.mx\/wp-content\/uploads\/2026\/01\/WhatsApp-Image-2026-01-21-at-1.21.46-PM-300x200.jpeg 300w, https:\/\/lenstv.mx\/wp-content\/uploads\/2026\/01\/WhatsApp-Image-2026-01-21-at-1.21.46-PM-1024x683.jpeg 1024w, https:\/\/lenstv.mx\/wp-content\/uploads\/2026\/01\/WhatsApp-Image-2026-01-21-at-1.21.46-PM-768x512.jpeg 768w, https:\/\/lenstv.mx\/wp-content\/uploads\/2026\/01\/WhatsApp-Image-2026-01-21-at-1.21.46-PM.jpeg 1280w\" sizes=\"auto, (max-width: 300px) 100vw, 300px\" \/><\/p>\n<p>&nbsp;<\/p>\n","protected":false},"excerpt":{"rendered":"<p>Con el objetivo de abrigar a la poblaci\u00f3n m\u00e1s vulnerable, dando prioridad a adultos mayores, familias en situaci\u00f3n precaria y personas con discapacidad, el Gobierno de Pepe Sald\u00edvar a trav\u00e9s del Sistema Municipal DIF (SMDIF), llev\u00f3 a cabo la entrega de apoyos invernales a habitantes de las comunidades de Guadalupe. Lo anterior como parte del [&hellip;]<\/p>\n","protected":false},"author":3,"featured_media":1048,"comment_status":"open","ping_status":"open","sticky":false,"template":"","format":"standard","meta":{"footnotes":""},"categories":[2,3],"tags":[],"class_list":["post-1045","post","type-post","status-publish","format-standard","has-post-thumbnail","hentry","category-lens-noticias","category-locales"],"_links":{"self":[{"href":"https:\/\/lenstv.mx\/index.php\/wp-json\/wp\/v2\/posts\/1045","targetHints":{"allow":["GET"]}}],"collection":[{"href":"https:\/\/lenstv.mx\/index.php\/wp-json\/wp\/v2\/posts"}],"about":[{"href":"https:\/\/lenstv.mx\/index.php\/wp-json\/wp\/v2\/types\/post"}],"author":[{"embeddable":true,"href":"https:\/\/lenstv.mx\/index.php\/wp-json\/wp\/v2\/users\/3"}],"replies":[{"embeddable":true,"href":"https:\/\/lenstv.mx\/index.php\/wp-json\/wp\/v2\/comments?post=1045"}],"version-history":[{"count":1,"href":"https:\/\/lenstv.mx\/index.php\/wp-json\/wp\/v2\/posts\/1045\/revisions"}],"predecessor-version":[{"id":1050,"href":"https:\/\/lenstv.mx\/index.php\/wp-json\/wp\/v2\/posts\/1045\/revisions\/1050"}],"wp:featuredmedia":[{"embeddable":true,"href":"https:\/\/lenstv.mx\/index.php\/wp-json\/wp\/v2\/media\/1048"}],"wp:attachment":[{"href":"https:\/\/lenstv.mx\/index.php\/wp-json\/wp\/v2\/media?parent=1045"}],"wp:term":[{"taxonomy":"category","embeddable":true,"href":"https:\/\/lenstv.mx\/index.php\/wp-json\/wp\/v2\/categories?post=1045"},{"taxonomy":"post_tag","embeddable":true,"href":"https:\/\/lenstv.mx\/index.php\/wp-json\/wp\/v2\/tags?post=1045"}],"curies":[{"name":"wp","href":"https:\/\/api.w.org\/{rel}","templated":true}]}}