{"id":1051,"date":"2026-01-24T20:39:16","date_gmt":"2026-01-24T20:39:16","guid":{"rendered":"https:\/\/lenstv.mx\/?p=1051"},"modified":"2026-01-24T20:39:16","modified_gmt":"2026-01-24T20:39:16","slug":"entrega-ayuntamiento-de-zacatecas-obra-de-reencarpetamiento-en-colonias-hidraulica-y-agronomica-ii","status":"publish","type":"post","link":"https:\/\/lenstv.mx\/index.php\/2026\/01\/24\/entrega-ayuntamiento-de-zacatecas-obra-de-reencarpetamiento-en-colonias-hidraulica-y-agronomica-ii\/","title":{"rendered":"Entrega Ayuntamiento de Zacatecas obra de reencarpetamiento en colonias Hidr\u00e1ulica y Agron\u00f3mica II"},"content":{"rendered":"<p>El presidente municipal de Zacatecas, Miguel Varela Pinedo, encabez\u00f3 la entrega de la obra de reencarpetamiento de m\u00e1s de 24 mil metros cuadrados en las colonias Hidr\u00e1ulica y Agron\u00f3mica II, proyecto que represent\u00f3 una inversi\u00f3n plenamente municipal superior a los 7 millones de pesos y que beneficia de manera directa a m\u00e1s de 5 mil habitantes de la capital.<\/p>\n<p>Durante el acto, el alcalde destac\u00f3 que esta intervenci\u00f3n responde a una demanda sentida de las y los vecinos de la zona, al tratarse de vialidades que por a\u00f1os presentaron un deterioro considerable. Subray\u00f3 que estas acciones forman parte del compromiso de su administraci\u00f3n por mejorar la infraestructura urbana y elevar la calidad de vida de las familias zacatecanas.<\/p>\n<p><img loading=\"lazy\" decoding=\"async\" class=\"size-medium wp-image-1052 aligncenter\" src=\"https:\/\/lenstv.mx\/wp-content\/uploads\/2026\/01\/WhatsApp-Image-2026-01-24-at-11.46.57-AM-1-300x139.jpeg\" alt=\"\" width=\"300\" height=\"139\" srcset=\"https:\/\/lenstv.mx\/wp-content\/uploads\/2026\/01\/WhatsApp-Image-2026-01-24-at-11.46.57-AM-1-300x139.jpeg 300w, https:\/\/lenstv.mx\/wp-content\/uploads\/2026\/01\/WhatsApp-Image-2026-01-24-at-11.46.57-AM-1-1024x473.jpeg 1024w, https:\/\/lenstv.mx\/wp-content\/uploads\/2026\/01\/WhatsApp-Image-2026-01-24-at-11.46.57-AM-1-768x355.jpeg 768w, https:\/\/lenstv.mx\/wp-content\/uploads\/2026\/01\/WhatsApp-Image-2026-01-24-at-11.46.57-AM-1.jpeg 1280w\" sizes=\"auto, (max-width: 300px) 100vw, 300px\" \/><\/p>\n<p>\u201cHoy estamos hablando de la rehabilitaci\u00f3n de varias calles y avenidas en estas colonias. Son acciones concretas en una zona clave de la ciudad, que alberga espacios estrat\u00e9gicos como las instalaciones de la feria, la Calzada Solidaridad y \u00e1reas importantes de la Universidad Aut\u00f3noma de Zacatecas\u201d, se\u00f1al\u00f3 Varela Pinedo.<\/p>\n<p>Por su parte, Juli\u00e1n Ni\u00f1o Mu\u00f1oz, jefe del Departamento de Ejecuci\u00f3n de Obras del Ayuntamiento de Zacatecas, inform\u00f3 que los trabajos consistieron en el reencarpetamiento de diversas vialidades de las colonias Hidr\u00e1ulica y Agron\u00f3mica II, con una intervenci\u00f3n total de m\u00e1s de 24 mil metros cuadrados de superficie asf\u00e1ltica.<\/p>\n<p>Asimismo, detall\u00f3 que de manera complementaria se llev\u00f3 a cabo la limpieza de m\u00e1s de 7 mil metros cuadrados de banquetas, as\u00ed como la aplicaci\u00f3n de m\u00e1s de 5 mil metros lineales de pintura en guarniciones y topes, acciones que contribuyen a mejorar la imagen urbana y la seguridad vial tanto para peatones como para automovilistas.<\/p>\n<p><img loading=\"lazy\" decoding=\"async\" class=\"size-medium wp-image-1054 aligncenter\" src=\"https:\/\/lenstv.mx\/wp-content\/uploads\/2026\/01\/WhatsApp-Image-2026-01-24-at-11.46.58-AM-300x139.jpeg\" alt=\"\" width=\"300\" height=\"139\" srcset=\"https:\/\/lenstv.mx\/wp-content\/uploads\/2026\/01\/WhatsApp-Image-2026-01-24-at-11.46.58-AM-300x139.jpeg 300w, https:\/\/lenstv.mx\/wp-content\/uploads\/2026\/01\/WhatsApp-Image-2026-01-24-at-11.46.58-AM-1024x473.jpeg 1024w, https:\/\/lenstv.mx\/wp-content\/uploads\/2026\/01\/WhatsApp-Image-2026-01-24-at-11.46.58-AM-768x355.jpeg 768w, https:\/\/lenstv.mx\/wp-content\/uploads\/2026\/01\/WhatsApp-Image-2026-01-24-at-11.46.58-AM.jpeg 1280w\" sizes=\"auto, (max-width: 300px) 100vw, 300px\" \/><\/p>\n<p>El funcionario destac\u00f3 que esta obra representa un paso importante en el fortalecimiento de la infraestructura de la capital, al permitir una movilidad m\u00e1s segura, eficiente y ordenada, adem\u00e1s de prolongar la vida \u00fatil de las vialidades intervenidas.<\/p>\n<p>Durante la entrega de la obra estuvieron presentes Karla Estrada, Directora honor\u00edfica del DIF Municipal; Wendy Valdez Organista, S\u00edndica municipal; C\u00e9sar Herrera Ceniceros, Secretario Particular del Ayuntamiento, as\u00ed como regidoras y regidores del municipio, quienes atestiguaron la conclusi\u00f3n de estos trabajos que forman parte del programa de mejora continua de la infraestructura urbana de Zacatecas.<\/p>\n","protected":false},"excerpt":{"rendered":"<p>El presidente municipal de Zacatecas, Miguel Varela Pinedo, encabez\u00f3 la entrega de la obra de reencarpetamiento de m\u00e1s de 24 mil metros cuadrados en las colonias Hidr\u00e1ulica y Agron\u00f3mica II, proyecto que represent\u00f3 una inversi\u00f3n plenamente municipal superior a los 7 millones de pesos y que beneficia de manera directa a m\u00e1s de 5 mil [&hellip;]<\/p>\n","protected":false},"author":3,"featured_media":1053,"comment_status":"open","ping_status":"open","sticky":false,"template":"","format":"standard","meta":{"footnotes":""},"categories":[2,3],"tags":[],"class_list":["post-1051","post","type-post","status-publish","format-standard","has-post-thumbnail","hentry","category-lens-noticias","category-locales"],"_links":{"self":[{"href":"https:\/\/lenstv.mx\/index.php\/wp-json\/wp\/v2\/posts\/1051","targetHints":{"allow":["GET"]}}],"collection":[{"href":"https:\/\/lenstv.mx\/index.php\/wp-json\/wp\/v2\/posts"}],"about":[{"href":"https:\/\/lenstv.mx\/index.php\/wp-json\/wp\/v2\/types\/post"}],"author":[{"embeddable":true,"href":"https:\/\/lenstv.mx\/index.php\/wp-json\/wp\/v2\/users\/3"}],"replies":[{"embeddable":true,"href":"https:\/\/lenstv.mx\/index.php\/wp-json\/wp\/v2\/comments?post=1051"}],"version-history":[{"count":1,"href":"https:\/\/lenstv.mx\/index.php\/wp-json\/wp\/v2\/posts\/1051\/revisions"}],"predecessor-version":[{"id":1055,"href":"https:\/\/lenstv.mx\/index.php\/wp-json\/wp\/v2\/posts\/1051\/revisions\/1055"}],"wp:featuredmedia":[{"embeddable":true,"href":"https:\/\/lenstv.mx\/index.php\/wp-json\/wp\/v2\/media\/1053"}],"wp:attachment":[{"href":"https:\/\/lenstv.mx\/index.php\/wp-json\/wp\/v2\/media?parent=1051"}],"wp:term":[{"taxonomy":"category","embeddable":true,"href":"https:\/\/lenstv.mx\/index.php\/wp-json\/wp\/v2\/categories?post=1051"},{"taxonomy":"post_tag","embeddable":true,"href":"https:\/\/lenstv.mx\/index.php\/wp-json\/wp\/v2\/tags?post=1051"}],"curies":[{"name":"wp","href":"https:\/\/api.w.org\/{rel}","templated":true}]}}