{"id":1184,"date":"2026-03-13T18:57:23","date_gmt":"2026-03-13T18:57:23","guid":{"rendered":"https:\/\/lenstv.mx\/?p=1184"},"modified":"2026-03-13T18:57:23","modified_gmt":"2026-03-13T18:57:23","slug":"duncan-dhu-regresa-en-el-marco-de-su-gira-de-40-aniversario-a-mexico","status":"publish","type":"post","link":"https:\/\/lenstv.mx\/index.php\/2026\/03\/13\/duncan-dhu-regresa-en-el-marco-de-su-gira-de-40-aniversario-a-mexico\/","title":{"rendered":"DUNCAN DHU REGRESA EN EL MARCO DE SU GIRA DE 40 ANIVERSARIO A M\u00c9XICO"},"content":{"rendered":"<p><i>*En Ciudad de M\u00e9xico se presentar\u00e1 este Jueves 19 de Marzo de 2026 en el Teatro Metropolitan a partir de las 20.30 horas con boletos a la venta en el Sistema Ticketmaster<\/i><\/p>\n<p>Mikel Erentxun regresa a M\u00e9xico con una gira que ser\u00e1 mucho m\u00e1s que un recorrido por distintos escenarios: ser\u00e1 un viaje emocional a trav\u00e9s de cuarenta a\u00f1os de historia, memoria y canciones que marcaron a varias generaciones. El\u00a0<i>Duncan Dhu Tour 2026<\/i>\u00a0llegar\u00e1 al pa\u00eds como una celebraci\u00f3n profunda y luminosa del legado de la banda donostiarra, un homenaje vital que Erentxun emprende en solitario, pero acompa\u00f1ado por la huella imborrable que Duncan Dhu dej\u00f3 en la m\u00fasica en espa\u00f1ol. Sobre el escenario lo acompa\u00f1ar\u00e1n Rub\u00e9n Caballero en la guitarra, Mikel Azpiroz en los teclados, Fernando Neira en el bajo e Igor Telletxea en la bater\u00eda, un ensamble que dar\u00e1 vida a los cl\u00e1sicos con la elegancia y la fuerza que merecen.<\/p>\n<p>En la Ciudad de M\u00e9xico se presentar\u00e1 este Jueves 19 de Marzo de 2026 en el Teatro Metropolitan a partir de las 20.30 horas con boletos a la venta en el Sistema Ticketmaster. Pero no es la \u00fanica fecha en su agenda. Duncan Dhu estar\u00e1 llegando este 13 de marzo a Quer\u00e9taro en el Foro Arpa; para luego trasladarse el 18 de marzo a Guadalajara en el Teatro Diana; el 21 de marzo llega a\u00a0 M\u00e9rida en el Lake Bay Caucel; luego, el 26 de marzo arriba a Tijuana en Black Box y finalmente el 27 de marzo termina su gira en Monterrey en el marco del Festival Tecate Pa\u2019l Norte.<\/p>\n<p>El motivo de este reencuentro es decisivo: en 2025 se cumplen cuarenta a\u00f1os de\u00a0<i>Por tierras escocesas<\/i>, el debut discogr\u00e1fico de Duncan Dhu, aquel \u00e1lbum de 1985 que abri\u00f3 paso a un sonido ac\u00fastico, melanc\u00f3lico y reconocible desde los primeros acordes. Ese universo musical termin\u00f3 de consolidarse poco despu\u00e9s con\u00a0<i>Canciones<\/i>, el disco que \u2014impulsado por \u201cCien gaviotas\u201d\u2014 se transform\u00f3 en un estandarte generacional, un refugio sentimental y la llave para obtener trece discos de platino y seis de oro. Hoy, aunque Mikel Erentxun y Diego Vasallo ya no vuelen juntos, sus letras contin\u00faan pos\u00e1ndose en la memoria de quienes crecieron con ellas.<\/p>\n<p><img loading=\"lazy\" decoding=\"async\" class=\"size-medium wp-image-1186 aligncenter\" src=\"https:\/\/lenstv.mx\/wp-content\/uploads\/2026\/03\/DUNCAN-DHU-TOUR-NOV-2025-FOTO3-300x188.jpg\" alt=\"\" width=\"300\" height=\"188\" srcset=\"https:\/\/lenstv.mx\/wp-content\/uploads\/2026\/03\/DUNCAN-DHU-TOUR-NOV-2025-FOTO3-300x188.jpg 300w, https:\/\/lenstv.mx\/wp-content\/uploads\/2026\/03\/DUNCAN-DHU-TOUR-NOV-2025-FOTO3-1024x641.jpg 1024w, https:\/\/lenstv.mx\/wp-content\/uploads\/2026\/03\/DUNCAN-DHU-TOUR-NOV-2025-FOTO3-768x481.jpg 768w, https:\/\/lenstv.mx\/wp-content\/uploads\/2026\/03\/DUNCAN-DHU-TOUR-NOV-2025-FOTO3-1536x961.jpg 1536w, https:\/\/lenstv.mx\/wp-content\/uploads\/2026\/03\/DUNCAN-DHU-TOUR-NOV-2025-FOTO3.jpg 1572w\" sizes=\"auto, (max-width: 300px) 100vw, 300px\" \/><\/p>\n<p>\u201cQueridos amigos desconocidos, este 2025 se cumplen 40 a\u00f1os del debut discogr\u00e1fico de Duncan Dhu\u2026 Yo saldr\u00e9 a la carretera para celebrar este aniversario en concierto. Un repertorio con todos los cl\u00e1sicos. Desde\u00a0<i>Por tierras escocesas<\/i>\u00a0hasta\u00a0<i>El Duelo<\/i>. Ser\u00e1 un par\u00e9ntesis en mi carrera, aparcando mi discograf\u00eda, para centrarme exclusivamente en la de Duncan Dhu\u201d, expres\u00f3 Erentxun al anunciar este recorrido. As\u00ed, la esencia de la banda permanece: su historia, sus melod\u00edas y la voz que las sostuvo desde el inicio.<\/p>\n<p>&nbsp;<\/p>\n<p>Como preludio a esta celebraci\u00f3n, se ha publicado recientemente\u00a0<i>40<\/i>, un disco recopilatorio que re\u00fane los temas imprescindibles de la agrupaci\u00f3n: \u201cEn alg\u00fan lugar\u201d, \u201cCien gaviotas\u201d, \u201cA tientas\u201d, \u201cJard\u00edn de rosas\u201d, \u201cEsos ojos negros\u201d, \u201cUna calle de Par\u00eds\u201d, \u201cA tu lado\u201d, \u201cPalabras sin nombre\u201d y muchas m\u00e1s que acompa\u00f1ar\u00e1n esta nueva traves\u00eda. El \u00e1lbum funciona como un recordatorio de lo que fue y de lo que permanece: una colecci\u00f3n de postales sonoras que se resisten al paso del tiempo.<\/p>\n<p>&nbsp;<\/p>\n<p>El\u00a0<i>DD40 \u2013 Duncan Dhu Tour 2026<\/i>\u00a0traer\u00e1 a M\u00e9xico un concierto \u00edntegro, construido a partir de los cl\u00e1sicos que acompa\u00f1aron a miles de personas en sus d\u00edas m\u00e1s luminosos y en sus noches m\u00e1s largas. Ser\u00e1 un homenaje completo a la etapa Duncan Dhu, una oportunidad irrepetible para escuchar en vivo esas canciones que, desde hace cuatro d\u00e9cadas, forman parte del paisaje emocional del p\u00fablico hispanohablante.<\/p>\n<p><b>\u00a0<\/b><\/p>\n<p><b>Las fechas confirmadas para M\u00e9xico son:<\/b><\/p>\n<p>&nbsp;<\/p>\n<p>13 de marzo \u2013 Quer\u00e9taro \u2013 Foro Arpa<\/p>\n<p>18 de marzo \u2013 Guadalajara \u2013 Teatro Diana<\/p>\n<p>19 de marzo \u2013 Ciudad de M\u00e9xico \u2013 Teatro Metrop\u00f3litan<\/p>\n<p>21 de marzo \u2013 M\u00e9rida \u2013 Lake Bay Caucel<\/p>\n<p>26 de marzo \u2013 Tijuana \u2013 Black Box<\/p>\n<p>27 de marzo \u2013 Monterrey \u2013 Festival Tecate Pa\u2019l Norte<\/p>\n<p>&nbsp;<\/p>\n<p>Cada presentaci\u00f3n ser\u00e1 una pieza dentro de este mosaico nost\u00e1lgico y vibrante, una celebraci\u00f3n donde confluir\u00e1n los himnos que acompa\u00f1aron a generaciones enteras: \u201cRozando la eternidad\u201d, \u201cEntre salitre y sudor\u201d, \u201cEl ritmo de la calle\u201d, \u201cLa casa azul\u201d y muchos m\u00e1s. Mikel Erentxun se adentra en este homenaje como quien vuelve a casa para encender de nuevo una luz que nunca termin\u00f3 de apagarse.<\/p>\n<p>El regreso del universo de Duncan Dhu a M\u00e9xico \u2014con Mikel Erentxun como guardi\u00e1n de aquellas canciones\u2014 promete convertirse en un cap\u00edtulo inolvidable para quienes llevan estas melod\u00edas tatuadas en la memoria. Un encuentro de voces, recuerdos y emociones que, cuarenta a\u00f1os despu\u00e9s, siguen encontrando su lugar, \u201cen alg\u00fan lugar\u201d dentro de todos.<\/p>\n","protected":false},"excerpt":{"rendered":"<p>*En Ciudad de M\u00e9xico se presentar\u00e1 este Jueves 19 de Marzo de 2026 en el Teatro Metropolitan a partir de las 20.30 horas con boletos a la venta en el Sistema Ticketmaster Mikel Erentxun regresa a M\u00e9xico con una gira que ser\u00e1 mucho m\u00e1s que un recorrido por distintos escenarios: ser\u00e1 un viaje emocional a [&hellip;]<\/p>\n","protected":false},"author":3,"featured_media":1185,"comment_status":"open","ping_status":"open","sticky":false,"template":"","format":"standard","meta":{"footnotes":""},"categories":[6,1],"tags":[],"class_list":["post-1184","post","type-post","status-publish","format-standard","has-post-thumbnail","hentry","category-espectaculos","category-varias"],"_links":{"self":[{"href":"https:\/\/lenstv.mx\/index.php\/wp-json\/wp\/v2\/posts\/1184","targetHints":{"allow":["GET"]}}],"collection":[{"href":"https:\/\/lenstv.mx\/index.php\/wp-json\/wp\/v2\/posts"}],"about":[{"href":"https:\/\/lenstv.mx\/index.php\/wp-json\/wp\/v2\/types\/post"}],"author":[{"embeddable":true,"href":"https:\/\/lenstv.mx\/index.php\/wp-json\/wp\/v2\/users\/3"}],"replies":[{"embeddable":true,"href":"https:\/\/lenstv.mx\/index.php\/wp-json\/wp\/v2\/comments?post=1184"}],"version-history":[{"count":1,"href":"https:\/\/lenstv.mx\/index.php\/wp-json\/wp\/v2\/posts\/1184\/revisions"}],"predecessor-version":[{"id":1187,"href":"https:\/\/lenstv.mx\/index.php\/wp-json\/wp\/v2\/posts\/1184\/revisions\/1187"}],"wp:featuredmedia":[{"embeddable":true,"href":"https:\/\/lenstv.mx\/index.php\/wp-json\/wp\/v2\/media\/1185"}],"wp:attachment":[{"href":"https:\/\/lenstv.mx\/index.php\/wp-json\/wp\/v2\/media?parent=1184"}],"wp:term":[{"taxonomy":"category","embeddable":true,"href":"https:\/\/lenstv.mx\/index.php\/wp-json\/wp\/v2\/categories?post=1184"},{"taxonomy":"post_tag","embeddable":true,"href":"https:\/\/lenstv.mx\/index.php\/wp-json\/wp\/v2\/tags?post=1184"}],"curies":[{"name":"wp","href":"https:\/\/api.w.org\/{rel}","templated":true}]}}