{"id":1280,"date":"2026-05-01T04:44:14","date_gmt":"2026-05-01T04:44:14","guid":{"rendered":"https:\/\/lenstv.mx\/?p=1280"},"modified":"2026-05-01T04:44:14","modified_gmt":"2026-05-01T04:44:14","slug":"el-concierto-de-31-minutos-en-el-zocalo-de-la-ciudad-de-mexico-simplemente-extraordinario","status":"publish","type":"post","link":"https:\/\/lenstv.mx\/index.php\/2026\/05\/01\/el-concierto-de-31-minutos-en-el-zocalo-de-la-ciudad-de-mexico-simplemente-extraordinario\/","title":{"rendered":"El concierto de 31 Minutos en el Z\u00f3calo de la Ciudad de M\u00e9xico simplemente extraordinario."},"content":{"rendered":"<div class=\"xdj266r x14z9mp xat24cr x1lziwak x1vvkbs x126k92a\">\n<div dir=\"auto\">El concierto de 31 Minutos\u00a0en el Z\u00f3calo de la Ciudad de M\u00e9xico no solo fue una celebraci\u00f3n por el D\u00eda del Ni\u00f1o, sino un evento que alcanz\u00f3 dimensiones hist\u00f3ricas.<\/div>\n<div dir=\"auto\">Con un lleno total m\u00e1s de 230 mil personas se dieron cita en la plancha capitalina, colocando el espect\u00e1culo entre los m\u00e1s concurridos registrados en este emblem\u00e1tico espacio.<\/div>\n<div dir=\"auto\"><img loading=\"lazy\" decoding=\"async\" class=\"alignnone size-medium wp-image-1287\" src=\"https:\/\/lenstv.mx\/wp-content\/uploads\/2026\/05\/Captura-de-Pantalla-2026-04-30-a-las-22.31.16-285x300.png\" alt=\"\" width=\"285\" height=\"300\" srcset=\"https:\/\/lenstv.mx\/wp-content\/uploads\/2026\/05\/Captura-de-Pantalla-2026-04-30-a-las-22.31.16-285x300.png 285w, https:\/\/lenstv.mx\/wp-content\/uploads\/2026\/05\/Captura-de-Pantalla-2026-04-30-a-las-22.31.16.png 493w\" sizes=\"auto, (max-width: 285px) 100vw, 285px\" \/><img loading=\"lazy\" decoding=\"async\" class=\"alignnone size-medium wp-image-1286\" src=\"https:\/\/lenstv.mx\/wp-content\/uploads\/2026\/05\/Captura-de-Pantalla-2026-04-30-a-las-22.31.04-282x300.png\" alt=\"\" width=\"282\" height=\"300\" srcset=\"https:\/\/lenstv.mx\/wp-content\/uploads\/2026\/05\/Captura-de-Pantalla-2026-04-30-a-las-22.31.04-282x300.png 282w, https:\/\/lenstv.mx\/wp-content\/uploads\/2026\/05\/Captura-de-Pantalla-2026-04-30-a-las-22.31.04.png 499w\" sizes=\"auto, (max-width: 282px) 100vw, 282px\" \/><\/div>\n<\/div>\n<div class=\"x14z9mp xat24cr x1lziwak x1vvkbs xtlvy1s x126k92a\">\n<div dir=\"auto\">De acuerdo con autoridades capitalinas, la magnitud del evento lo posiciona dentro del ranking de conciertos masivos m\u00e1s importantes en la historia de la ciudad, un logro poco com\u00fan para un espect\u00e1culo dirigido principalmente al p\u00fablico infantil.<\/div>\n<\/div>\n<div class=\"x14z9mp xat24cr x1lziwak x1vvkbs xtlvy1s x126k92a\">\n<div dir=\"auto\">El espect\u00e1culo de 31 Minutos logr\u00f3 colocarse como el cuarto concierto m\u00e1s visto en el Z\u00f3calo capitalino, junto a presentaciones de artistas internacionales y nacionales de gran convocatoria.<\/div>\n<div dir=\"auto\"><img loading=\"lazy\" decoding=\"async\" class=\"alignnone size-medium wp-image-1281\" src=\"https:\/\/lenstv.mx\/wp-content\/uploads\/2026\/05\/31-minutos-300x200.jpg\" alt=\"\" width=\"300\" height=\"200\" srcset=\"https:\/\/lenstv.mx\/wp-content\/uploads\/2026\/05\/31-minutos-300x200.jpg 300w, https:\/\/lenstv.mx\/wp-content\/uploads\/2026\/05\/31-minutos-1024x683.jpg 1024w, https:\/\/lenstv.mx\/wp-content\/uploads\/2026\/05\/31-minutos-768x512.jpg 768w, https:\/\/lenstv.mx\/wp-content\/uploads\/2026\/05\/31-minutos.jpg 1280w\" sizes=\"auto, (max-width: 300px) 100vw, 300px\" \/><img loading=\"lazy\" decoding=\"async\" class=\"alignnone size-medium wp-image-1285\" src=\"https:\/\/lenstv.mx\/wp-content\/uploads\/2026\/05\/Captura-de-Pantalla-2026-04-30-a-las-22.30.50-300x200.png\" alt=\"\" width=\"300\" height=\"200\" srcset=\"https:\/\/lenstv.mx\/wp-content\/uploads\/2026\/05\/Captura-de-Pantalla-2026-04-30-a-las-22.30.50-300x200.png 300w, https:\/\/lenstv.mx\/wp-content\/uploads\/2026\/05\/Captura-de-Pantalla-2026-04-30-a-las-22.30.50.png 491w\" sizes=\"auto, (max-width: 300px) 100vw, 300px\" \/><\/div>\n<div dir=\"auto\"><\/div>\n<\/div>\n<div class=\"x14z9mp xat24cr x1lziwak x1vvkbs xtlvy1s x126k92a\">\n<div dir=\"auto\">Desde horas antes, el Z\u00f3calo luci\u00f3 lleno con asistentes de todas las edades. Ni\u00f1as, ni\u00f1os y adultos acudieron caracterizados como los personajes del programa, en un ambiente que combin\u00f3 nostalgia y celebraci\u00f3n.<\/div>\n<div dir=\"auto\"><img loading=\"lazy\" decoding=\"async\" class=\"alignnone size-medium wp-image-1284\" src=\"https:\/\/lenstv.mx\/wp-content\/uploads\/2026\/05\/31-minutos4-300x200.jpg\" alt=\"\" width=\"300\" height=\"200\" srcset=\"https:\/\/lenstv.mx\/wp-content\/uploads\/2026\/05\/31-minutos4-300x200.jpg 300w, https:\/\/lenstv.mx\/wp-content\/uploads\/2026\/05\/31-minutos4-1024x682.jpg 1024w, https:\/\/lenstv.mx\/wp-content\/uploads\/2026\/05\/31-minutos4-768x512.jpg 768w, https:\/\/lenstv.mx\/wp-content\/uploads\/2026\/05\/31-minutos4.jpg 1439w\" sizes=\"auto, (max-width: 300px) 100vw, 300px\" \/><img loading=\"lazy\" decoding=\"async\" class=\"alignnone size-medium wp-image-1282\" src=\"https:\/\/lenstv.mx\/wp-content\/uploads\/2026\/05\/31-minutos2-300x200.jpg\" alt=\"\" width=\"300\" height=\"200\" srcset=\"https:\/\/lenstv.mx\/wp-content\/uploads\/2026\/05\/31-minutos2-300x200.jpg 300w, https:\/\/lenstv.mx\/wp-content\/uploads\/2026\/05\/31-minutos2-1024x682.jpg 1024w, https:\/\/lenstv.mx\/wp-content\/uploads\/2026\/05\/31-minutos2-768x512.jpg 768w, https:\/\/lenstv.mx\/wp-content\/uploads\/2026\/05\/31-minutos2-1536x1023.jpg 1536w, https:\/\/lenstv.mx\/wp-content\/uploads\/2026\/05\/31-minutos2.jpg 2048w\" sizes=\"auto, (max-width: 300px) 100vw, 300px\" \/><\/div>\n<\/div>\n<div class=\"x14z9mp xat24cr x1lziwak x1vvkbs xtlvy1s x126k92a\">\n<div dir=\"auto\">Durante el concierto, miles de personas corearon canciones emblem\u00e1ticas como \u201cMi mu\u00f1eca me habl\u00f3\u201d y \u201cYo nunca vi televisi\u00f3n\u201d, generando una experiencia colectiva que evidenci\u00f3 el impacto generacional del programa.<\/div>\n<div dir=\"auto\">Feliz d\u00eda del Ni\u00f1o con todo el elenco de 31 minutos.<\/div>\n<div dir=\"auto\"><\/div>\n<\/div>\n<div class=\"x14z9mp xat24cr x1lziwak x1vvkbs xtlvy1s x126k92a\">\n<div dir=\"auto\"><span class=\"html-span xdj266r x14z9mp xat24cr x1lziwak xexx8yu xyri2b x18d9i69 x1c1uobl x1hl2dhg x16tdsg8 x1vvkbs\"><a class=\"x1i10hfl xjbqb8w x1ejq31n x18oe1m7 x1sy0etr xstzfhl x972fbf x10w94by x1qhh985 x14e42zd x9f619 x1ypdohk xt0psk2 x3ct3a4 xdj266r x14z9mp xat24cr x1lziwak xexx8yu xyri2b x18d9i69 x1c1uobl x16tdsg8 x1hl2dhg xggy1nq x1a2a7pz xkrqix3 x1sur9pj x1fey0fg x1s688f\" tabindex=\"0\" role=\"link\" href=\"https:\/\/www.facebook.com\/hashtag\/31minutos?__cft__[0]=AZZP0ncBKJNg0PeWPPPKCBfktAH2o0LIecINuqOb99gYTs-7wgt2uOTEiyIgRKdCsTx1tjUy1QDimv8zMDWAWU1qEI8Icf1ujjEYntlVa2vgRXggt1mbWjpGxsc6j6kEmoStm3hmi_kGGQFx7n03bSlOLu7LxT_BrPAz2cZWyVbIzc0SG4cJKTEMcq_cx_L89Vs&amp;__tn__=*NK-R\">#31Minutos<\/a><\/span> <span class=\"html-span xdj266r x14z9mp xat24cr x1lziwak xexx8yu xyri2b x18d9i69 x1c1uobl x1hl2dhg x16tdsg8 x1vvkbs\"><a class=\"x1i10hfl xjbqb8w x1ejq31n x18oe1m7 x1sy0etr xstzfhl x972fbf x10w94by x1qhh985 x14e42zd x9f619 x1ypdohk xt0psk2 x3ct3a4 xdj266r x14z9mp xat24cr x1lziwak xexx8yu xyri2b x18d9i69 x1c1uobl x16tdsg8 x1hl2dhg xggy1nq x1a2a7pz xkrqix3 x1sur9pj x1fey0fg x1s688f\" tabindex=\"0\" role=\"link\" href=\"https:\/\/www.facebook.com\/hashtag\/publimetro?__cft__[0]=AZZP0ncBKJNg0PeWPPPKCBfktAH2o0LIecINuqOb99gYTs-7wgt2uOTEiyIgRKdCsTx1tjUy1QDimv8zMDWAWU1qEI8Icf1ujjEYntlVa2vgRXggt1mbWjpGxsc6j6kEmoStm3hmi_kGGQFx7n03bSlOLu7LxT_BrPAz2cZWyVbIzc0SG4cJKTEMcq_cx_L89Vs&amp;__tn__=*NK-R\">#Publimetro<\/a><\/span> <span class=\"html-span xdj266r x14z9mp xat24cr x1lziwak xexx8yu xyri2b x18d9i69 x1c1uobl x1hl2dhg x16tdsg8 x1vvkbs\"><a class=\"x1i10hfl xjbqb8w x1ejq31n x18oe1m7 x1sy0etr xstzfhl x972fbf x10w94by x1qhh985 x14e42zd x9f619 x1ypdohk xt0psk2 x3ct3a4 xdj266r x14z9mp xat24cr x1lziwak xexx8yu xyri2b x18d9i69 x1c1uobl x16tdsg8 x1hl2dhg xggy1nq x1a2a7pz xkrqix3 x1sur9pj x1fey0fg x1s688f\" tabindex=\"0\" role=\"link\" href=\"https:\/\/www.facebook.com\/hashtag\/d%C3%ADadelni%C3%B1o?__cft__[0]=AZZP0ncBKJNg0PeWPPPKCBfktAH2o0LIecINuqOb99gYTs-7wgt2uOTEiyIgRKdCsTx1tjUy1QDimv8zMDWAWU1qEI8Icf1ujjEYntlVa2vgRXggt1mbWjpGxsc6j6kEmoStm3hmi_kGGQFx7n03bSlOLu7LxT_BrPAz2cZWyVbIzc0SG4cJKTEMcq_cx_L89Vs&amp;__tn__=*NK-R\">#D\u00edaDelNi\u00f1o<\/a><\/span><\/div>\n<\/div>\n","protected":false},"excerpt":{"rendered":"<p>El concierto de 31 Minutos\u00a0en el Z\u00f3calo de la Ciudad de M\u00e9xico no solo fue una celebraci\u00f3n por el D\u00eda del Ni\u00f1o, sino un evento que alcanz\u00f3 dimensiones hist\u00f3ricas. Con un lleno total m\u00e1s de 230 mil personas se dieron cita en la plancha capitalina, colocando el espect\u00e1culo entre los m\u00e1s concurridos registrados en este [&hellip;]<\/p>\n","protected":false},"author":3,"featured_media":1283,"comment_status":"open","ping_status":"open","sticky":false,"template":"","format":"standard","meta":{"footnotes":""},"categories":[1],"tags":[],"class_list":["post-1280","post","type-post","status-publish","format-standard","has-post-thumbnail","hentry","category-varias"],"_links":{"self":[{"href":"https:\/\/lenstv.mx\/index.php\/wp-json\/wp\/v2\/posts\/1280","targetHints":{"allow":["GET"]}}],"collection":[{"href":"https:\/\/lenstv.mx\/index.php\/wp-json\/wp\/v2\/posts"}],"about":[{"href":"https:\/\/lenstv.mx\/index.php\/wp-json\/wp\/v2\/types\/post"}],"author":[{"embeddable":true,"href":"https:\/\/lenstv.mx\/index.php\/wp-json\/wp\/v2\/users\/3"}],"replies":[{"embeddable":true,"href":"https:\/\/lenstv.mx\/index.php\/wp-json\/wp\/v2\/comments?post=1280"}],"version-history":[{"count":1,"href":"https:\/\/lenstv.mx\/index.php\/wp-json\/wp\/v2\/posts\/1280\/revisions"}],"predecessor-version":[{"id":1288,"href":"https:\/\/lenstv.mx\/index.php\/wp-json\/wp\/v2\/posts\/1280\/revisions\/1288"}],"wp:featuredmedia":[{"embeddable":true,"href":"https:\/\/lenstv.mx\/index.php\/wp-json\/wp\/v2\/media\/1283"}],"wp:attachment":[{"href":"https:\/\/lenstv.mx\/index.php\/wp-json\/wp\/v2\/media?parent=1280"}],"wp:term":[{"taxonomy":"category","embeddable":true,"href":"https:\/\/lenstv.mx\/index.php\/wp-json\/wp\/v2\/categories?post=1280"},{"taxonomy":"post_tag","embeddable":true,"href":"https:\/\/lenstv.mx\/index.php\/wp-json\/wp\/v2\/tags?post=1280"}],"curies":[{"name":"wp","href":"https:\/\/api.w.org\/{rel}","templated":true}]}}