{"id":1616,"date":"2026-09-05T02:52:09","date_gmt":"2026-09-05T02:52:09","guid":{"rendered":"https:\/\/lenstv.mx\/?p=1616"},"modified":"2026-09-05T02:52:09","modified_gmt":"2026-09-05T02:52:09","slug":"concluye-foro-ley-areli-con-propuestas-para-fortalecer-la-prevencion-la-justicia-y-la-proteccion-de-las-infancias","status":"publish","type":"post","link":"https:\/\/lenstv.mx\/index.php\/2026\/09\/05\/concluye-foro-ley-areli-con-propuestas-para-fortalecer-la-prevencion-la-justicia-y-la-proteccion-de-las-infancias\/","title":{"rendered":"CONCLUYE FORO \u00abLEY ARELI\u00bb CON PROPUESTAS PARA FORTALECER LA PREVENCI\u00d3N, LA JUSTICIA Y LA PROTECCI\u00d3N DE LAS INFANCIAS"},"content":{"rendered":"<p>Con la participaci\u00f3n de autoridades, representantes del Poder Legislativo, especialistas, acad\u00e9micos, organizaciones de la sociedad civil y ciudadan\u00eda, este viernes se llev\u00f3 a cabo el Foro \u00abLey Areli\u00bb, que tuvo como objetivo generar propuestas para fortalecer la protecci\u00f3n de ni\u00f1as, ni\u00f1os y adolescentes en Zacatecas.<\/p>\n<p>A trav\u00e9s de cuatro mesas de trabajo, las y los participantes analizaron el marco jur\u00eddico vigente, los mecanismos institucionales de prevenci\u00f3n y atenci\u00f3n de la violencia, as\u00ed como las \u00e1reas de oportunidad para fortalecer las pol\u00edticas p\u00fablicas dirigidas a la infancia.<\/p>\n<p>Uno de los principales consensos fue que la respuesta del Estado no debe concentrarse \u00fanicamente en la sanci\u00f3n de los delitos, sino privilegiar la prevenci\u00f3n mediante una mayor coordinaci\u00f3n institucional, el fortalecimiento de la salud mental y la atenci\u00f3n oportuna de los factores de riesgo.<\/p>\n<p>Entre las propuestas destac\u00f3 la necesidad de incorporar una estrategia permanente de atenci\u00f3n a la salud mental en los centros educativos, mediante equipos multidisciplinarios capaces de detectar oportunamente situaciones de riesgo y brindar acompa\u00f1amiento psicol\u00f3gico tanto a estudiantes como a sus familias.<\/p>\n<p>Asimismo, especialistas plantearon la aplicaci\u00f3n de herramientas de criminolog\u00eda educativa, orientadas a identificar conductas de riesgo desde edades tempranas y generar intervenciones preventivas antes de que escalen hacia hechos delictivos.<\/p>\n<p><img loading=\"lazy\" decoding=\"async\" class=\"alignnone size-medium wp-image-1618\" src=\"https:\/\/lenstv.mx\/wp-content\/uploads\/2026\/09\/WhatsApp-Image-2026-09-04-at-4.51.37-PM-300x226.jpeg\" alt=\"\" width=\"300\" height=\"226\" srcset=\"https:\/\/lenstv.mx\/wp-content\/uploads\/2026\/09\/WhatsApp-Image-2026-09-04-at-4.51.37-PM-300x226.jpeg 300w, https:\/\/lenstv.mx\/wp-content\/uploads\/2026\/09\/WhatsApp-Image-2026-09-04-at-4.51.37-PM-1024x771.jpeg 1024w, https:\/\/lenstv.mx\/wp-content\/uploads\/2026\/09\/WhatsApp-Image-2026-09-04-at-4.51.37-PM-768x578.jpeg 768w, https:\/\/lenstv.mx\/wp-content\/uploads\/2026\/09\/WhatsApp-Image-2026-09-04-at-4.51.37-PM-1536x1156.jpeg 1536w, https:\/\/lenstv.mx\/wp-content\/uploads\/2026\/09\/WhatsApp-Image-2026-09-04-at-4.51.37-PM.jpeg 1600w\" sizes=\"auto, (max-width: 300px) 100vw, 300px\" \/> <img loading=\"lazy\" decoding=\"async\" class=\"alignnone  wp-image-1620\" src=\"https:\/\/lenstv.mx\/wp-content\/uploads\/2026\/09\/WhatsApp-Image-2026-09-04-at-4.51.39-PM-300x138.jpeg\" alt=\"\" width=\"487\" height=\"224\" srcset=\"https:\/\/lenstv.mx\/wp-content\/uploads\/2026\/09\/WhatsApp-Image-2026-09-04-at-4.51.39-PM-300x138.jpeg 300w, https:\/\/lenstv.mx\/wp-content\/uploads\/2026\/09\/WhatsApp-Image-2026-09-04-at-4.51.39-PM-1024x472.jpeg 1024w, https:\/\/lenstv.mx\/wp-content\/uploads\/2026\/09\/WhatsApp-Image-2026-09-04-at-4.51.39-PM-768x354.jpeg 768w, https:\/\/lenstv.mx\/wp-content\/uploads\/2026\/09\/WhatsApp-Image-2026-09-04-at-4.51.39-PM-1536x708.jpeg 1536w, https:\/\/lenstv.mx\/wp-content\/uploads\/2026\/09\/WhatsApp-Image-2026-09-04-at-4.51.39-PM.jpeg 1600w\" sizes=\"auto, (max-width: 487px) 100vw, 487px\" \/><\/p>\n<p>En materia de justicia para adolescentes y salud mental, se propuso desarrollar instrumentos t\u00e9cnicos que permitan evaluar las capacidades de reinserci\u00f3n social de ni\u00f1as, ni\u00f1os y adolescentes en conflicto con la ley, con el prop\u00f3sito de que las medidas aplicadas respondan a criterios cient\u00edficos, favorezcan la reintegraci\u00f3n y contribuyan a romper los ciclos de violencia.<\/p>\n<p>Durante el an\u00e1lisis del C\u00f3digo Familiar se discutieron posibles reformas relacionadas con la p\u00e9rdida de la patria potestad en casos de especial gravedad, as\u00ed como mecanismos para fortalecer la corresponsabilidad de madres, padres o tutores en la protecci\u00f3n y desarrollo integral de ni\u00f1as, ni\u00f1os y adolescentes, particularmente en lo relacionado con la reparaci\u00f3n del da\u00f1o.<\/p>\n<p>En el \u00e1mbito penal tambi\u00e9n se plante\u00f3 analizar la incorporaci\u00f3n de medidas emergentes aplicables a casos con caracter\u00edsticas espec\u00edficas, con el objetivo de fortalecer la capacidad de respuesta de las autoridades cuando existan riesgos inminentes para la integridad de la infancia.<\/p>\n<p>Las y los participantes coincidieron en que M\u00e9xico cuenta actualmente con un marco jur\u00eddico robusto; sin embargo, se\u00f1alaron que el principal desaf\u00edo consiste en garantizar el cumplimiento efectivo de las obligaciones del Estado, fortaleciendo el acceso a la justicia, la coordinaci\u00f3n institucional y la implementaci\u00f3n de pol\u00edticas p\u00fablicas preventivas y de reinserci\u00f3n con presupuesto suficiente.<\/p>\n<p><img loading=\"lazy\" decoding=\"async\" class=\"size-medium wp-image-1618 aligncenter\" src=\"https:\/\/lenstv.mx\/wp-content\/uploads\/2026\/09\/WhatsApp-Image-2026-09-04-at-4.51.37-PM-300x226.jpeg\" alt=\"\" width=\"300\" height=\"226\" srcset=\"https:\/\/lenstv.mx\/wp-content\/uploads\/2026\/09\/WhatsApp-Image-2026-09-04-at-4.51.37-PM-300x226.jpeg 300w, https:\/\/lenstv.mx\/wp-content\/uploads\/2026\/09\/WhatsApp-Image-2026-09-04-at-4.51.37-PM-1024x771.jpeg 1024w, https:\/\/lenstv.mx\/wp-content\/uploads\/2026\/09\/WhatsApp-Image-2026-09-04-at-4.51.37-PM-768x578.jpeg 768w, https:\/\/lenstv.mx\/wp-content\/uploads\/2026\/09\/WhatsApp-Image-2026-09-04-at-4.51.37-PM-1536x1156.jpeg 1536w, https:\/\/lenstv.mx\/wp-content\/uploads\/2026\/09\/WhatsApp-Image-2026-09-04-at-4.51.37-PM.jpeg 1600w\" sizes=\"auto, (max-width: 300px) 100vw, 300px\" \/><\/p>\n<p>Como uno de los acuerdos centrales del foro, la colectiva Alas de Justicia Tabasco, Zacatecas asumi\u00f3 el compromiso de compilar y sistematizar todas las propuestas surgidas de las mesas de trabajo para elaborar un documento t\u00e9cnico que sirva como base para una propuesta integral.<\/p>\n<p>El prop\u00f3sito, se\u00f1al\u00f3 Julieta Garza Camacho, a nombre de Alas de Justicia, es que el trabajo realizado no se traduzca \u00fanicamente en iniciativas de reforma al C\u00f3digo Penal y al C\u00f3digo Familiar, sino en una propuesta integral que contemple reformas legislativas y pol\u00edticas p\u00fablicas que permitan fortalecer la prevenci\u00f3n de la violencia, garantizar el acceso efectivo a la justicia y consolidar un sistema de protecci\u00f3n integral para ni\u00f1as, ni\u00f1os y adolescentes en Zacatecas.<\/p>\n","protected":false},"excerpt":{"rendered":"<p>Con la participaci\u00f3n de autoridades, representantes del Poder Legislativo, especialistas, acad\u00e9micos, organizaciones de la sociedad civil y ciudadan\u00eda, este viernes se llev\u00f3 a cabo el Foro \u00abLey Areli\u00bb, que tuvo como objetivo generar propuestas para fortalecer la protecci\u00f3n de ni\u00f1as, ni\u00f1os y adolescentes en Zacatecas. A trav\u00e9s de cuatro mesas de trabajo, las y los [&hellip;]<\/p>\n","protected":false},"author":3,"featured_media":1617,"comment_status":"open","ping_status":"open","sticky":false,"template":"","format":"standard","meta":{"footnotes":""},"categories":[2,3],"tags":[],"class_list":["post-1616","post","type-post","status-publish","format-standard","has-post-thumbnail","hentry","category-lens-noticias","category-locales"],"_links":{"self":[{"href":"https:\/\/lenstv.mx\/index.php\/wp-json\/wp\/v2\/posts\/1616","targetHints":{"allow":["GET"]}}],"collection":[{"href":"https:\/\/lenstv.mx\/index.php\/wp-json\/wp\/v2\/posts"}],"about":[{"href":"https:\/\/lenstv.mx\/index.php\/wp-json\/wp\/v2\/types\/post"}],"author":[{"embeddable":true,"href":"https:\/\/lenstv.mx\/index.php\/wp-json\/wp\/v2\/users\/3"}],"replies":[{"embeddable":true,"href":"https:\/\/lenstv.mx\/index.php\/wp-json\/wp\/v2\/comments?post=1616"}],"version-history":[{"count":1,"href":"https:\/\/lenstv.mx\/index.php\/wp-json\/wp\/v2\/posts\/1616\/revisions"}],"predecessor-version":[{"id":1621,"href":"https:\/\/lenstv.mx\/index.php\/wp-json\/wp\/v2\/posts\/1616\/revisions\/1621"}],"wp:featuredmedia":[{"embeddable":true,"href":"https:\/\/lenstv.mx\/index.php\/wp-json\/wp\/v2\/media\/1617"}],"wp:attachment":[{"href":"https:\/\/lenstv.mx\/index.php\/wp-json\/wp\/v2\/media?parent=1616"}],"wp:term":[{"taxonomy":"category","embeddable":true,"href":"https:\/\/lenstv.mx\/index.php\/wp-json\/wp\/v2\/categories?post=1616"},{"taxonomy":"post_tag","embeddable":true,"href":"https:\/\/lenstv.mx\/index.php\/wp-json\/wp\/v2\/tags?post=1616"}],"curies":[{"name":"wp","href":"https:\/\/api.w.org\/{rel}","templated":true}]}}