{"id":721,"date":"2025-09-08T04:33:34","date_gmt":"2025-09-08T04:33:34","guid":{"rendered":"https:\/\/lenstv.mx\/?p=721"},"modified":"2025-09-08T04:33:34","modified_gmt":"2025-09-08T04:33:34","slug":"miguel-bose-con-gran-exito-se-presenta-en-zacatecas-con-su-gira-importante","status":"publish","type":"post","link":"https:\/\/lenstv.mx\/index.php\/2025\/09\/08\/miguel-bose-con-gran-exito-se-presenta-en-zacatecas-con-su-gira-importante\/","title":{"rendered":"Miguel Bos\u00e9 con gran \u00e9xito se presenta en Zacatecas con su gira Importante"},"content":{"rendered":"<p>El Multiforo de la Feria Nacional de Zacatecas 2025 abre sus puertas para el concierto del gran Miguel Bos\u00e9, en su gira Importante en M\u00e9xico.<\/p>\n<p><img loading=\"lazy\" decoding=\"async\" class=\"size-medium wp-image-722 aligncenter\" src=\"https:\/\/lenstv.mx\/wp-content\/uploads\/2025\/09\/WhatsApp-Image-2025-09-07-at-2.04.01-AM-1-300x200.jpeg\" alt=\"\" width=\"300\" height=\"200\" srcset=\"https:\/\/lenstv.mx\/wp-content\/uploads\/2025\/09\/WhatsApp-Image-2025-09-07-at-2.04.01-AM-1-300x200.jpeg 300w, https:\/\/lenstv.mx\/wp-content\/uploads\/2025\/09\/WhatsApp-Image-2025-09-07-at-2.04.01-AM-1-1024x684.jpeg 1024w, https:\/\/lenstv.mx\/wp-content\/uploads\/2025\/09\/WhatsApp-Image-2025-09-07-at-2.04.01-AM-1-768x513.jpeg 768w, https:\/\/lenstv.mx\/wp-content\/uploads\/2025\/09\/WhatsApp-Image-2025-09-07-at-2.04.01-AM-1-1536x1025.jpeg 1536w, https:\/\/lenstv.mx\/wp-content\/uploads\/2025\/09\/WhatsApp-Image-2025-09-07-at-2.04.01-AM-1.jpeg 1600w\" sizes=\"auto, (max-width: 300px) 100vw, 300px\" \/><br \/>\nMiguel Bos\u00e9 di\u00f3 un espect\u00e1culo lleno de energ\u00eda, nostalgia y emoci\u00f3n. Miles de asistentes<br \/>\ndisfrutaron de un recorrido musical por sus m\u00e1s grandes \u00e9xitos, como Amante bandido, amiga, aire soy, morena m\u00eda, si tu no vuelves hasta Don diablo.<\/p>\n<p><img loading=\"lazy\" decoding=\"async\" class=\"alignnone size-medium wp-image-727\" src=\"https:\/\/lenstv.mx\/wp-content\/uploads\/2025\/09\/WhatsApp-Image-2025-09-07-at-2.04.03-AM-300x200.jpeg\" alt=\"\" width=\"300\" height=\"200\" srcset=\"https:\/\/lenstv.mx\/wp-content\/uploads\/2025\/09\/WhatsApp-Image-2025-09-07-at-2.04.03-AM-300x200.jpeg 300w, https:\/\/lenstv.mx\/wp-content\/uploads\/2025\/09\/WhatsApp-Image-2025-09-07-at-2.04.03-AM-1024x684.jpeg 1024w, https:\/\/lenstv.mx\/wp-content\/uploads\/2025\/09\/WhatsApp-Image-2025-09-07-at-2.04.03-AM-768x513.jpeg 768w, https:\/\/lenstv.mx\/wp-content\/uploads\/2025\/09\/WhatsApp-Image-2025-09-07-at-2.04.03-AM-1536x1025.jpeg 1536w, https:\/\/lenstv.mx\/wp-content\/uploads\/2025\/09\/WhatsApp-Image-2025-09-07-at-2.04.03-AM.jpeg 1600w\" sizes=\"auto, (max-width: 300px) 100vw, 300px\" \/>.\u00a0 \u00a0 <img loading=\"lazy\" decoding=\"async\" class=\"alignnone size-medium wp-image-724\" src=\"https:\/\/lenstv.mx\/wp-content\/uploads\/2025\/09\/WhatsApp-Image-2025-09-07-at-2.04.02-AM-1-300x200.jpeg\" alt=\"\" width=\"300\" height=\"200\" srcset=\"https:\/\/lenstv.mx\/wp-content\/uploads\/2025\/09\/WhatsApp-Image-2025-09-07-at-2.04.02-AM-1-300x200.jpeg 300w, https:\/\/lenstv.mx\/wp-content\/uploads\/2025\/09\/WhatsApp-Image-2025-09-07-at-2.04.02-AM-1-1024x684.jpeg 1024w, https:\/\/lenstv.mx\/wp-content\/uploads\/2025\/09\/WhatsApp-Image-2025-09-07-at-2.04.02-AM-1-768x513.jpeg 768w, https:\/\/lenstv.mx\/wp-content\/uploads\/2025\/09\/WhatsApp-Image-2025-09-07-at-2.04.02-AM-1-1536x1025.jpeg 1536w, https:\/\/lenstv.mx\/wp-content\/uploads\/2025\/09\/WhatsApp-Image-2025-09-07-at-2.04.02-AM-1.jpeg 1600w\" sizes=\"auto, (max-width: 300px) 100vw, 300px\" \/><\/p>\n<p>Miguel Bos\u00e9 se mostr\u00f3 feliz de regresar a tierra zacatecana despu\u00e9s de varios a\u00f1os de no presentarse en la ciudad, comentando que le encanta Zacatecas y su gente saludando a la corte real de la Fenaza que se encontraba en la primera fila, adem\u00e1s feliz realiz\u00f3 muchos comentarios conviviendo con la gente cosa que se agradece como p\u00fablico, mismo que disfrut\u00f3 de m\u00e1s de 2 horas de concierto el p\u00fablico convirti\u00f3 cada<br \/>\ncanci\u00f3n en un coro multitudinario. Bos\u00e9 prometi\u00f3 regresar pronto y al terminar sigui\u00f3 con 3 \u00e9xitos m\u00e1s enloqueciendo a todos.<\/p>\n<p><img loading=\"lazy\" decoding=\"async\" class=\"alignnone size-medium wp-image-723\" src=\"https:\/\/lenstv.mx\/wp-content\/uploads\/2025\/09\/WhatsApp-Image-2025-09-07-at-2.04.01-AM-300x200.jpeg\" alt=\"\" width=\"300\" height=\"200\" srcset=\"https:\/\/lenstv.mx\/wp-content\/uploads\/2025\/09\/WhatsApp-Image-2025-09-07-at-2.04.01-AM-300x200.jpeg 300w, https:\/\/lenstv.mx\/wp-content\/uploads\/2025\/09\/WhatsApp-Image-2025-09-07-at-2.04.01-AM-1024x684.jpeg 1024w, https:\/\/lenstv.mx\/wp-content\/uploads\/2025\/09\/WhatsApp-Image-2025-09-07-at-2.04.01-AM-768x513.jpeg 768w, https:\/\/lenstv.mx\/wp-content\/uploads\/2025\/09\/WhatsApp-Image-2025-09-07-at-2.04.01-AM-1536x1025.jpeg 1536w, https:\/\/lenstv.mx\/wp-content\/uploads\/2025\/09\/WhatsApp-Image-2025-09-07-at-2.04.01-AM.jpeg 1600w\" sizes=\"auto, (max-width: 300px) 100vw, 300px\" \/>.\u00a0 <img loading=\"lazy\" decoding=\"async\" class=\"alignnone size-medium wp-image-725\" src=\"https:\/\/lenstv.mx\/wp-content\/uploads\/2025\/09\/WhatsApp-Image-2025-09-07-at-2.04.02-AM-2-300x200.jpeg\" alt=\"\" width=\"300\" height=\"200\" srcset=\"https:\/\/lenstv.mx\/wp-content\/uploads\/2025\/09\/WhatsApp-Image-2025-09-07-at-2.04.02-AM-2-300x200.jpeg 300w, https:\/\/lenstv.mx\/wp-content\/uploads\/2025\/09\/WhatsApp-Image-2025-09-07-at-2.04.02-AM-2-1024x684.jpeg 1024w, https:\/\/lenstv.mx\/wp-content\/uploads\/2025\/09\/WhatsApp-Image-2025-09-07-at-2.04.02-AM-2-768x513.jpeg 768w, https:\/\/lenstv.mx\/wp-content\/uploads\/2025\/09\/WhatsApp-Image-2025-09-07-at-2.04.02-AM-2-1536x1025.jpeg 1536w, https:\/\/lenstv.mx\/wp-content\/uploads\/2025\/09\/WhatsApp-Image-2025-09-07-at-2.04.02-AM-2.jpeg 1600w\" sizes=\"auto, (max-width: 300px) 100vw, 300px\" \/><\/p>\n<p>#Mantenteinformado con Lenstv sin fronteras, noticias, espect\u00e1culos y m\u00e1s.<\/p>\n","protected":false},"excerpt":{"rendered":"<p>El Multiforo de la Feria Nacional de Zacatecas 2025 abre sus puertas para el concierto del gran Miguel Bos\u00e9, en su gira Importante en M\u00e9xico. Miguel Bos\u00e9 di\u00f3 un espect\u00e1culo lleno de energ\u00eda, nostalgia y emoci\u00f3n. Miles de asistentes disfrutaron de un recorrido musical por sus m\u00e1s grandes \u00e9xitos, como Amante bandido, amiga, aire soy, [&hellip;]<\/p>\n","protected":false},"author":3,"featured_media":726,"comment_status":"open","ping_status":"open","sticky":false,"template":"","format":"standard","meta":{"footnotes":""},"categories":[6,8,4],"tags":[],"class_list":["post-721","post","type-post","status-publish","format-standard","has-post-thumbnail","hentry","category-espectaculos","category-mundial","category-nacionales"],"_links":{"self":[{"href":"https:\/\/lenstv.mx\/index.php\/wp-json\/wp\/v2\/posts\/721","targetHints":{"allow":["GET"]}}],"collection":[{"href":"https:\/\/lenstv.mx\/index.php\/wp-json\/wp\/v2\/posts"}],"about":[{"href":"https:\/\/lenstv.mx\/index.php\/wp-json\/wp\/v2\/types\/post"}],"author":[{"embeddable":true,"href":"https:\/\/lenstv.mx\/index.php\/wp-json\/wp\/v2\/users\/3"}],"replies":[{"embeddable":true,"href":"https:\/\/lenstv.mx\/index.php\/wp-json\/wp\/v2\/comments?post=721"}],"version-history":[{"count":1,"href":"https:\/\/lenstv.mx\/index.php\/wp-json\/wp\/v2\/posts\/721\/revisions"}],"predecessor-version":[{"id":728,"href":"https:\/\/lenstv.mx\/index.php\/wp-json\/wp\/v2\/posts\/721\/revisions\/728"}],"wp:featuredmedia":[{"embeddable":true,"href":"https:\/\/lenstv.mx\/index.php\/wp-json\/wp\/v2\/media\/726"}],"wp:attachment":[{"href":"https:\/\/lenstv.mx\/index.php\/wp-json\/wp\/v2\/media?parent=721"}],"wp:term":[{"taxonomy":"category","embeddable":true,"href":"https:\/\/lenstv.mx\/index.php\/wp-json\/wp\/v2\/categories?post=721"},{"taxonomy":"post_tag","embeddable":true,"href":"https:\/\/lenstv.mx\/index.php\/wp-json\/wp\/v2\/tags?post=721"}],"curies":[{"name":"wp","href":"https:\/\/api.w.org\/{rel}","templated":true}]}}