{"id":729,"date":"2025-09-08T16:34:24","date_gmt":"2025-09-08T16:34:24","guid":{"rendered":"https:\/\/lenstv.mx\/?p=729"},"modified":"2025-09-08T16:34:24","modified_gmt":"2025-09-08T16:34:24","slug":"grupo-firme-y-grupo-frontera-unen-fuerzas-en-modo-dificil-una-colosal-colaboracion-entre-dos-de-los-nombres-mas-grandes-de-la-musica-mexicana","status":"publish","type":"post","link":"https:\/\/lenstv.mx\/index.php\/2025\/09\/08\/grupo-firme-y-grupo-frontera-unen-fuerzas-en-modo-dificil-una-colosal-colaboracion-entre-dos-de-los-nombres-mas-grandes-de-la-musica-mexicana\/","title":{"rendered":"GRUPO FIRME Y GRUPO FRONTERA UNEN FUERZAS EN \u201cMODO DIF\u00cdCIL,\u201d UNA COLOSAL COLABORACI\u00d3N ENTRE DOS DE LOS NOMBRES M\u00c1S GRANDES DE LA M\u00daSICA MEXICANA"},"content":{"rendered":"<p><span style=\"font-weight: 400;\">Dos de las fuerzas m\u00e1s poderosas de la m\u00fasica mexicana, <\/span><b>Grupo Firme y Grupo Frontera<\/b><span style=\"font-weight: 400;\">, se han unido una vez m\u00e1s \u2014 y cuando lo hacen, los resultados son simplemente s\u00edsmicos. Su explosivo nuevo sencillo, \u201c<\/span><b>Modo Dif\u00edcil<\/b><span style=\"font-weight: 400;\">\u201d, sigue al rotundo \u00e9xito de su primera colaboraci\u00f3n, \u201c<\/span><b>El Amor De Su Vida<\/b><span style=\"font-weight: 400;\">\u201d, que no solo se uni\u00f3 al prestigioso Billions Club de YouTube, sino que tambi\u00e9n domin\u00f3 las listas, alcanzando el puesto No. 1 en Billboard Regional Mexican Airplay y subiendo hasta el No. 67 en el Billboard Hot 100. Juntos, estos dos gigantes demuestran que cada vez que se unen, crean himnos que resuenan con millones, rompen r\u00e9cords y redefinen el g\u00e9nero. Con una qu\u00edmica imparable y un sonido caracter\u00edstico en constante<\/span><\/p>\n<p><span style=\"font-weight: 400;\">evoluci\u00f3n, el \u00e9xito combinado de Grupo Firme y Grupo Frontera es simplemente extraordinario. \u201c<\/span><b>Modo Dif\u00edcil\u201d <\/b><span style=\"font-weight: 400;\">y su video oficial ya est\u00e1n disponibles en todas las plataformas digitales.\u00a0<\/span><\/p>\n<p><span style=\"font-weight: 400;\">Impulsado por bater\u00edas vibrantes, melod\u00edas de acorde\u00f3n y ritmos tradicionales mexicanos, \u201c<\/span><b>Modo Dif\u00edcil<\/b><span style=\"font-weight: 400;\">\u201d se adentra en el peso emocional de la lucha personal y la decepci\u00f3n rom\u00e1ntica. Con una honestidad cruda y una musicalidad llena de matices, la canci\u00f3n pinta un retrato v\u00edvido de c\u00f3mo enfrentar la adversidad: desde el desamor y la insatisfacci\u00f3n laboral hasta la inquietante sensaci\u00f3n de estar atrapado en un ciclo de mala fortuna. Tocando temas como la mala suerte en el amor, los deseos no cumplidos y las eternas preguntas del karma, el tema resuena como una b\u00fasqueda universal de sentido en medio de los desaf\u00edos de la vida. La fusi\u00f3n entre la autenticidad mel\u00f3dica de Grupo Frontera y la intensidad inconfundible de Grupo Firme da como resultado un poderoso himno cargado de emociones que refleja las realidades de millones de oyentes en la actualidad.\u00a0<\/span><\/p>\n<p><iframe loading=\"lazy\" title=\"Grupo Firme x Grupo Frontera - MODO DIF\u00cdCIL (Video Oficial)\" src=\"https:\/\/www.youtube.com\/embed\/iqFvAB1ks3g\" width=\"300\" height=\"300\" frameborder=\"0\" allowfullscreen=\"allowfullscreen\"><span data-mce-type=\"bookmark\" style=\"display: inline-block; width: 0px; overflow: hidden; line-height: 0;\" class=\"mce_SELRES_start\">\ufeff<\/span><\/iframe><\/p>\n<p><span style=\"font-weight: 400;\">El video oficial de \u201c<\/span><b>Modo Dif\u00edcil<\/b><span style=\"font-weight: 400;\">\u201d fue filmado en Monterrey, Nuevo Le\u00f3n, M\u00e9xico y re\u00fane a los 13 integrantes de ambos grupos en una poderosa presentaci\u00f3n en vivo \u2014 el tipo de espect\u00e1culo aut\u00e9ntico y lleno de energ\u00eda que ha hecho famosos a <\/span><b>Grupo Firme <\/b><span style=\"font-weight: 400;\">y <\/span><b>Grupo Frontera<\/b><span style=\"font-weight: 400;\">. Ambientado en una cantina tradicional mexicana, el video resalta su talento musical por encima de todo, capturando la esencia de sus conciertos en un escenario \u00edntimo y cultural. Sumando diversi\u00f3n, los influencers y podcasters <\/span><b>La Mole <\/b><span style=\"font-weight: 400;\">y <\/span><b>Kevyn Contreras Bicolor <\/b><span style=\"font-weight: 400;\">hacen una aparici\u00f3n sorpresa, mientras los grupos se muestran conviviendo, bebiendo, riendo y disfrutando entre ellos, interpretando el nuevo tema con una qu\u00edmica innegable que refleja a la perfecci\u00f3n la intensidad emocional de la canci\u00f3n.\u00a0<\/span><\/p>\n<p><span style=\"font-weight: 400;\">Reci\u00e9n nominados a m\u00faltiples categor\u00edas en Premios Juventud \u2014 incluyendo Mejor \u00c1lbum de M\u00fasica Mexicana por su aclamado Evoluci\u00f3n y Mejor Banda de M\u00fasica Mexicana por El Beneficio De La Duda \u2014 Grupo Firme contin\u00faa dominando listas y escenarios alrededor del mundo. Su gira r\u00e9cord La \u00daltima Peda ya suma m\u00e1s de 35 conciertos con entradas agotadas en M\u00e9xico, y ahora los h\u00e9roes de casa se preparan para encender la Feria Nacional de Tijuana 2025 en el Palenque con otra noche inolvidable. Tras haber llenado algunos de los estadios m\u00e1s grandes de Estados Unidos, conquistar el escenario principal de Coachella y reunir a cientos de miles en el Z\u00f3calo de la Ciudad de M\u00e9xico \u2014 marcando un r\u00e9cord hist\u00f3rico de asistencia \u2014 Grupo Firme ha demostrado una y otra vez que su alcance no tiene l\u00edmites. Desde ganar un Latin GRAMMY\u00ae hasta romper r\u00e9cords de taquilla, hoy son una de las agrupaciones mexicanas m\u00e1s queridas, redefiniendo el g\u00e9nero y fungiendo como embajadores de la m\u00fasica mexicana ante millones de fans en M\u00e9xico, Estados Unidos y m\u00e1s all\u00e1.\u00a0<\/span><\/p>\n<p><span style=\"font-weight: 400;\">Por su parte, tras sus nominaciones en los Premios Juventud de este a\u00f1o \u2014 incluyendo Mejor Grupo o D\u00fao Favorito, Mejor Colaboraci\u00f3n por \u201cPor Qu\u00e9 Ser\u00e1\u201d con Maluma, Mejor Colaboraci\u00f3n Tropical por \u201cHoy No Me Siento Bien\u201d con Alejandro Sanz, y Mejor \u00c1lbum de M\u00fasica Mexicana por Jugando a Que No Pasa Nada \u2014 Grupo Frontera sigue consolidando su estatus como uno de los actos m\u00e1s influyentes de la m\u00fasica mexicana. Este reconocimiento llega despu\u00e9s de su primer Latin GRAMMY\u00ae ganado el a\u00f1o pasado, un hito que subray\u00f3 su r\u00e1pido ascenso al estrellato global. Su m\u00e1s reciente sencillo \u201cLALALA\u201d \u2014 una conmovedora expresi\u00f3n de amor y p\u00e9rdida \u2014 mantiene intacto el sonido cautivador de la banda, mientras que su EP Y Lo Que Viene \u2014 con colaboraciones junto a Carin Le\u00f3n, Neton Vega, Mister Chivo y Manuel Turizo \u2014 exhibi\u00f3 tanto su evoluci\u00f3n art\u00edstica como su compromiso social, destinando parte de las ganancias a organizaciones sin fines de lucro que apoyan a la comunidad latina.\u00a0<\/span><\/p>\n<p><span style=\"font-weight: 400;\">Mientras Grupo Frontera contin\u00faa redefiniendo la m\u00fasica mexicana, su impacto trasciende el escenario: desde su debut en la Paris Fashion Week, pasando por un \u00edntimo Tiny Desk, hasta sus<\/span><\/p>\n<p><span style=\"font-weight: 400;\">m\u00faltiples \u00e9xitos en las listas de Billboard y apariciones en festivales internacionales. La banda se ha consolidado no solo como pioneros musicales, sino tambi\u00e9n como embajadores culturales. Despu\u00e9s de que \u201cEl Amor De Su Vida\u201d ganara el Latin GRAMMY\u00ae a Mejor Canci\u00f3n Regional Mexicana el a\u00f1o pasado, los fans han estado esperando este momento: \u00a1otra colaboraci\u00f3n entre Grupo Firme y Grupo Frontera finalmente est\u00e1 aqu\u00ed!\u00a0<\/span><\/p>\n<p><img loading=\"lazy\" decoding=\"async\" class=\"alignnone size-medium wp-image-730\" src=\"https:\/\/lenstv.mx\/wp-content\/uploads\/2025\/09\/FRONTERA-1-300x300.jpg\" alt=\"\" width=\"300\" height=\"300\" srcset=\"https:\/\/lenstv.mx\/wp-content\/uploads\/2025\/09\/FRONTERA-1-300x300.jpg 300w, https:\/\/lenstv.mx\/wp-content\/uploads\/2025\/09\/FRONTERA-1-1024x1024.jpg 1024w, https:\/\/lenstv.mx\/wp-content\/uploads\/2025\/09\/FRONTERA-1-150x150.jpg 150w, https:\/\/lenstv.mx\/wp-content\/uploads\/2025\/09\/FRONTERA-1-768x768.jpg 768w, https:\/\/lenstv.mx\/wp-content\/uploads\/2025\/09\/FRONTERA-1.jpg 1080w\" sizes=\"auto, (max-width: 300px) 100vw, 300px\" \/><\/p>\n","protected":false},"excerpt":{"rendered":"<p>Dos de las fuerzas m\u00e1s poderosas de la m\u00fasica mexicana, Grupo Firme y Grupo Frontera, se han unido una vez m\u00e1s \u2014 y cuando lo hacen, los resultados son simplemente s\u00edsmicos. Su explosivo nuevo sencillo, \u201cModo Dif\u00edcil\u201d, sigue al rotundo \u00e9xito de su primera colaboraci\u00f3n, \u201cEl Amor De Su Vida\u201d, que no solo se uni\u00f3 [&hellip;]<\/p>\n","protected":false},"author":2,"featured_media":731,"comment_status":"open","ping_status":"open","sticky":false,"template":"","format":"standard","meta":{"footnotes":""},"categories":[6,8,4,1],"tags":[15,12,11,25,21],"class_list":["post-729","post","type-post","status-publish","format-standard","has-post-thumbnail","hentry","category-espectaculos","category-mundial","category-nacionales","category-varias","tag-grupofirme","tag-lensnoticias","tag-lenstv","tag-grupofrontera","tag-lensvideoproducciones"],"_links":{"self":[{"href":"https:\/\/lenstv.mx\/index.php\/wp-json\/wp\/v2\/posts\/729","targetHints":{"allow":["GET"]}}],"collection":[{"href":"https:\/\/lenstv.mx\/index.php\/wp-json\/wp\/v2\/posts"}],"about":[{"href":"https:\/\/lenstv.mx\/index.php\/wp-json\/wp\/v2\/types\/post"}],"author":[{"embeddable":true,"href":"https:\/\/lenstv.mx\/index.php\/wp-json\/wp\/v2\/users\/2"}],"replies":[{"embeddable":true,"href":"https:\/\/lenstv.mx\/index.php\/wp-json\/wp\/v2\/comments?post=729"}],"version-history":[{"count":1,"href":"https:\/\/lenstv.mx\/index.php\/wp-json\/wp\/v2\/posts\/729\/revisions"}],"predecessor-version":[{"id":732,"href":"https:\/\/lenstv.mx\/index.php\/wp-json\/wp\/v2\/posts\/729\/revisions\/732"}],"wp:featuredmedia":[{"embeddable":true,"href":"https:\/\/lenstv.mx\/index.php\/wp-json\/wp\/v2\/media\/731"}],"wp:attachment":[{"href":"https:\/\/lenstv.mx\/index.php\/wp-json\/wp\/v2\/media?parent=729"}],"wp:term":[{"taxonomy":"category","embeddable":true,"href":"https:\/\/lenstv.mx\/index.php\/wp-json\/wp\/v2\/categories?post=729"},{"taxonomy":"post_tag","embeddable":true,"href":"https:\/\/lenstv.mx\/index.php\/wp-json\/wp\/v2\/tags?post=729"}],"curies":[{"name":"wp","href":"https:\/\/api.w.org\/{rel}","templated":true}]}}