{"id":747,"date":"2025-09-22T15:09:45","date_gmt":"2025-09-22T15:09:45","guid":{"rendered":"https:\/\/lenstv.mx\/?p=747"},"modified":"2025-09-22T15:09:45","modified_gmt":"2025-09-22T15:09:45","slug":"tito-double-p-obtiene-su-primer-reconocimiento-en-los-latin-grammy-por-mejor-album-de-musica-mexicana-contemporanea","status":"publish","type":"post","link":"https:\/\/lenstv.mx\/index.php\/2025\/09\/22\/tito-double-p-obtiene-su-primer-reconocimiento-en-los-latin-grammy-por-mejor-album-de-musica-mexicana-contemporanea\/","title":{"rendered":"TITO DOUBLE P OBTIENE SU PRIMER RECONOCIMIENTO EN LOS LATIN GRAMMY\u00ae POR MEJOR \u00c1LBUM DE M\u00daSICA MEXICANA CONTEMPOR\u00c1NEA"},"content":{"rendered":"<p><strong>Tito Double P<\/strong>, una de las nuevas voces m\u00e1s influyentes de la m\u00fasica mexicana, ha recibido una nominaci\u00f3n\u00a0 en <strong>la 26.\u00aa Entrega Anual del Latin GRAMMY\u00ae<\/strong>, lo que marca un hito en su carrera y destaca su importante papel en el explosivo crecimiento global del g\u00e9nero. Por primera vez, Tito es reconocido por la Academia Latina de la Grabaci\u00f3n en la categor\u00eda de <em>Mejor \u00c1lbum de M\u00fasica Mexicana Contempor\u00e1nea<\/em>. La 26.\u00aa Entrega Anual del Latin GRAMMY\u00ae se transmitir\u00e1 EN VIVO por Univision el jueves 13 de noviembre de 2025 a las 8 p.m. ET \/ 7 p.m. CT desde el MGM Grand Garden Arena en Las Vegas, Nevada.<\/p>\n<p>&nbsp;<\/p>\n<p><strong><u>Nominaciones de Tito Double P al Latin GRAMMY\u00ae 2025:<\/u><\/strong><\/p>\n<ul>\n<li><em>Mejor \u00c1lbum de M\u00fasica Mexicana Contempor\u00e1nea &#8211; INC\u00d3MODO<\/em><\/li>\n<\/ul>\n<p><em>\u00a0<\/em><\/p>\n<p>Tras dos noches con entradas agotadas en la CDMX, que dieron inicio a la etapa mexicana de su gira <em>\u00a1AY MAM\u00c1!<\/em>, <strong>Tito Double P <\/strong>reafirma su posici\u00f3n como una de las voces m\u00e1s representativas de la m\u00fasica mexicana. La gira incluir\u00e1 18 fechas por todo el pa\u00eds. Su \u00faltimo sencillo, \u00ab<strong>Por Sus Besos<\/strong>\u00ab, se encuentra actualmente en el n.\u00b0 1 del Top Songs de Spotify en M\u00e9xico y en el n.\u00b0 65 del Top Songs Global. El tema se suma a una racha de \u00e9xitos de 2025, que incluye \u00abYO NO TE OLVIDO\u00bb con Armenta, \u00abCHAMPAGNE\u00bb, su conmovedora versi\u00f3n de \u00abCoraz\u00f3n Part\u00edo\u00bb, \u00abPa M\u00ed\u00bb con Oscar Maydon y \u00abVita Fer\u00bb con Dareyes de la Sierra, que se ubic\u00f3 en el n.\u00b0 1 del Billboard Mexico Songs. Con m\u00e1s de <strong>23 millones<\/strong> de oyentes mensuales en Spotify, est\u00e1 escalando en las listas, ocupando actualmente el puesto n\u00famero 40 en los mejores artistas globales semanales de Spotify, el n\u00famero 4 en los mejores artistas semanales de Spotify en M\u00e9xico y el n\u00famero 169 en la lista Billboard 200\u2122 Albums. A principios de este a\u00f1o, Tito fue reconocido como el<em> Indie Power Player<\/em> del a\u00f1o de Billboard y nombrado uno de sus <em>artistas latinos a seguir en 2025<\/em>. Tuvo un gran impacto con su \u00e1lbum de estudio debut, <strong><em>INC\u00d3MODO<\/em><\/strong>, el LP de 21 pistas debut\u00f3 en el n\u00famero 1 en la lista Top Latin Albums de Billboard y contin\u00faa dominando a nivel mundial. <em>INC\u00d3MODO <\/em>ha mantenido una presencia en los mejores \u00e1lbumes globales semanales de Spotify durante 12 meses consecutivos desde su lanzamiento. Actualmente, el \u00e1lbum ocupa el puesto n\u00famero 41 en los mejores \u00e1lbumes globales semanales de Spotify y el n\u00famero 5 en los mejores \u00e1lbumes semanales de Spotify M\u00e9xico. Para completar su lista de momentos memorables, Tito ofreci\u00f3 una presentaci\u00f3n inolvidable en el Baja Beach Fest de Rosarito, M\u00e9xico, uno de los festivales de reggaet\u00f3n y m\u00fasica latina m\u00e1s importantes del a\u00f1o. En abril, concluy\u00f3 su exitosa gira estadounidense <em>\u00a1AY MAM\u00c1!,<\/em> con 27 conciertos agotados en las principales ciudades del pa\u00eds. Tambi\u00e9n hizo una aparici\u00f3n sorpresa en el escenario principal de Coachella durante la presentaci\u00f3n de Junior H, donde ambos interpretaron su colaboraci\u00f3n favorita, \u00ab5-7\u00bb. Con su carrera en r\u00e1pido ascenso y su innegable talento, <strong>Tito Double P<\/strong> contin\u00faa consolid\u00e1ndose como una figura clave en la m\u00fasica mexicana.<\/p>\n","protected":false},"excerpt":{"rendered":"<p>Tito Double P, una de las nuevas voces m\u00e1s influyentes de la m\u00fasica mexicana, ha recibido una nominaci\u00f3n\u00a0 en la 26.\u00aa Entrega Anual del Latin GRAMMY\u00ae, lo que marca un hito en su carrera y destaca su importante papel en el explosivo crecimiento global del g\u00e9nero. Por primera vez, Tito es reconocido por la Academia [&hellip;]<\/p>\n","protected":false},"author":2,"featured_media":748,"comment_status":"open","ping_status":"open","sticky":false,"template":"","format":"standard","meta":{"footnotes":""},"categories":[6,4,1],"tags":[12,11,13,34],"class_list":["post-747","post","type-post","status-publish","format-standard","has-post-thumbnail","hentry","category-espectaculos","category-nacionales","category-varias","tag-lensnoticias","tag-lenstv","tag-mantenteinformado","tag-titodoublep"],"_links":{"self":[{"href":"https:\/\/lenstv.mx\/index.php\/wp-json\/wp\/v2\/posts\/747","targetHints":{"allow":["GET"]}}],"collection":[{"href":"https:\/\/lenstv.mx\/index.php\/wp-json\/wp\/v2\/posts"}],"about":[{"href":"https:\/\/lenstv.mx\/index.php\/wp-json\/wp\/v2\/types\/post"}],"author":[{"embeddable":true,"href":"https:\/\/lenstv.mx\/index.php\/wp-json\/wp\/v2\/users\/2"}],"replies":[{"embeddable":true,"href":"https:\/\/lenstv.mx\/index.php\/wp-json\/wp\/v2\/comments?post=747"}],"version-history":[{"count":1,"href":"https:\/\/lenstv.mx\/index.php\/wp-json\/wp\/v2\/posts\/747\/revisions"}],"predecessor-version":[{"id":749,"href":"https:\/\/lenstv.mx\/index.php\/wp-json\/wp\/v2\/posts\/747\/revisions\/749"}],"wp:featuredmedia":[{"embeddable":true,"href":"https:\/\/lenstv.mx\/index.php\/wp-json\/wp\/v2\/media\/748"}],"wp:attachment":[{"href":"https:\/\/lenstv.mx\/index.php\/wp-json\/wp\/v2\/media?parent=747"}],"wp:term":[{"taxonomy":"category","embeddable":true,"href":"https:\/\/lenstv.mx\/index.php\/wp-json\/wp\/v2\/categories?post=747"},{"taxonomy":"post_tag","embeddable":true,"href":"https:\/\/lenstv.mx\/index.php\/wp-json\/wp\/v2\/tags?post=747"}],"curies":[{"name":"wp","href":"https:\/\/api.w.org\/{rel}","templated":true}]}}