{"id":750,"date":"2025-09-22T15:19:01","date_gmt":"2025-09-22T15:19:01","guid":{"rendered":"https:\/\/lenstv.mx\/?p=750"},"modified":"2025-09-22T15:19:01","modified_gmt":"2025-09-22T15:19:01","slug":"armenta-recibe-su-primera-nominacion-al-latin-grammy-por-mejor-cancion-regional-mexicana-en-la-26-a-entrega-anual-de-los-premios-latin-grammy","status":"publish","type":"post","link":"https:\/\/lenstv.mx\/index.php\/2025\/09\/22\/armenta-recibe-su-primera-nominacion-al-latin-grammy-por-mejor-cancion-regional-mexicana-en-la-26-a-entrega-anual-de-los-premios-latin-grammy\/","title":{"rendered":"ARMENTA RECIBE SU PRIMERA NOMINACI\u00d3N AL LATIN GRAMMY\u00ae POR MEJOR CANCI\u00d3N REGIONAL MEXICANA EN LA 26.\u00aa ENTREGA ANUAL DE LOS PREMIOS LATIN GRAMMY"},"content":{"rendered":"<p>El artista, compositor y productor <strong>Armenta <\/strong>ha sido nominado oficialmente por primera vez a <strong>la 26.\u00aa Entrega Anual del Latin GRAMMY\u00ae<\/strong>, obteniendo una nominaci\u00f3n en la categor\u00eda de <em>Mejor Canci\u00f3n Regional Mexicana.<\/em> Este hito marca un momento decisivo en la carrera de Armenta como compositor pionero y artista emergente. La 26.\u00aa Entrega Anual del Latin GRAMMY\u00ae se transmitir\u00e1 EN VIVO por Univision el jueves 13 de noviembre de 2025 a las 8 p.m. ET \/ 7 p.m. CT desde el MGM Grand Garden Arena en Las Vegas, Nevada.<\/p>\n<p>&nbsp;<\/p>\n<p><strong><u>Nominaciones de Armenta al Latin GRAMMY\u00ae 2025:<\/u><\/strong><\/p>\n<ul>\n<li><em>Mejor Canci\u00f3n Regional Mexicana &#8211; \u201cMe Jalo\u201d<\/em><\/li>\n<\/ul>\n<p><em>\u00a0<\/em><\/p>\n<p>Tras el lanzamiento de su sencillo <strong>\u00abYO NO TE OLVIDO<\/strong>\u00ab, actualmente en el puesto n\u00famero 36 de Weekly Top Songs M\u00e9xico, <strong>Armenta <\/strong>se perfila como una estrella emergente y una de las voces m\u00e1s aut\u00e9nticas de la m\u00fasica mexicana. Originario de Los Mochis, Sinaloa, Armenta se ha ganado el reconocimiento por su narrativa cruda y emotiva y un estilo que une la tradici\u00f3n con la modernidad. Armenta obtuvo recientemente su primer puesto n\u00famero 1 en la lista <em>Latin Songwriters de Billboard<\/em>, lo que marca un hito importante en su carrera para una de las voces m\u00e1s din\u00e1micas y solicitadas de la m\u00fasica mexicana. Con m\u00e1s de <strong>7.7 millones<\/strong> de oyentes mensuales en Spotify, es el compositor de \u00e9xitos que lideran las listas como \u00ab<strong>Bebe Dame<\/strong>\u00ab, \u00ab<strong>Ch y la Pizza<\/strong>\u00bb e \u00ab<strong>Igualito a Mi Ap\u00e1<\/strong>\u00ab, canciones que le han valido m\u00faltiples premios BMI y lo han consolidado como un compositor clave del movimiento. Su lirismo ha dado forma a temas como \u00abLoqueando\u00bb del \u00e1lbum revelaci\u00f3n de Net\u00f3n Vega y el favorito de los fans \u00abT\u00da S\u00cd\u00bb del \u00e1lbum debut de Tito Double P, una colaboraci\u00f3n que recientemente lo llev\u00f3 al escenario para la etapa mexicana de la gira \u00a1<em>AY MAM\u00c1<\/em>! de Tito, present\u00e1ndose durante dos noches con entradas agotadas en el Palacio de los Deportes de la CDMX, destacando a\u00fan m\u00e1s su creciente prominencia en la m\u00fasica mexicana. Tambi\u00e9n apareci\u00f3 como invitado especial durante la presentaci\u00f3n de Tito en el Baja Beach Festival 2025 y varios espect\u00e1culos con entradas agotadas en Estados Unidos, incluyendo paradas en Reading (PA), Newark (NJ), Ontario (CA) y Rio Rancho (NM). Armenta tambi\u00e9n ha contribuido al himno de fusi\u00f3n de g\u00e9neros \u00ab<strong>AURORA<\/strong>\u00bb con Fuerza Regida, Grupo Frontera y \u00d3scar Maydon, y expandi\u00f3 su arte a trav\u00e9s de colaboraciones destacadas que incluyen \u00ab<strong>MOTIVOS<\/strong>\u00bb con Gabito Ballesteros, \u00ab<strong>Risue\u00f1o<\/strong>\u00bb con Dareyes de la Sierra y \u00ab<strong>Entre Lokeras<\/strong>\u00bb con La Cuatiza. Su \u00e1lbum debut, <strong><em>P\u00f3rtate Bien<\/em><\/strong>, muestra su versatilidad y profundidad emocional a trav\u00e9s de colaboraciones con Jorsshh, Calle 24, Dannylux, Chino Pacas, Manuel Turizo, Manuel Medrano y m\u00e1s, fusionando tradici\u00f3n y modernidad de una manera que realza su arte. El \u00e1lbum marca un hito importante en la carrera de Armenta, consolid\u00e1ndolo no solo como una voz que proyecta el futuro de la m\u00fasica mexicana, sino como un artista que moldea activamente su evoluci\u00f3n.<\/p>\n","protected":false},"excerpt":{"rendered":"<p>El artista, compositor y productor Armenta ha sido nominado oficialmente por primera vez a la 26.\u00aa Entrega Anual del Latin GRAMMY\u00ae, obteniendo una nominaci\u00f3n en la categor\u00eda de Mejor Canci\u00f3n Regional Mexicana. Este hito marca un momento decisivo en la carrera de Armenta como compositor pionero y artista emergente. La 26.\u00aa Entrega Anual del Latin [&hellip;]<\/p>\n","protected":false},"author":2,"featured_media":751,"comment_status":"open","ping_status":"open","sticky":false,"template":"","format":"standard","meta":{"footnotes":""},"categories":[6,4,1],"tags":[12,11,13,40],"class_list":["post-750","post","type-post","status-publish","format-standard","has-post-thumbnail","hentry","category-espectaculos","category-nacionales","category-varias","tag-lensnoticias","tag-lenstv","tag-mantenteinformado","tag-armenta"],"_links":{"self":[{"href":"https:\/\/lenstv.mx\/index.php\/wp-json\/wp\/v2\/posts\/750","targetHints":{"allow":["GET"]}}],"collection":[{"href":"https:\/\/lenstv.mx\/index.php\/wp-json\/wp\/v2\/posts"}],"about":[{"href":"https:\/\/lenstv.mx\/index.php\/wp-json\/wp\/v2\/types\/post"}],"author":[{"embeddable":true,"href":"https:\/\/lenstv.mx\/index.php\/wp-json\/wp\/v2\/users\/2"}],"replies":[{"embeddable":true,"href":"https:\/\/lenstv.mx\/index.php\/wp-json\/wp\/v2\/comments?post=750"}],"version-history":[{"count":1,"href":"https:\/\/lenstv.mx\/index.php\/wp-json\/wp\/v2\/posts\/750\/revisions"}],"predecessor-version":[{"id":752,"href":"https:\/\/lenstv.mx\/index.php\/wp-json\/wp\/v2\/posts\/750\/revisions\/752"}],"wp:featuredmedia":[{"embeddable":true,"href":"https:\/\/lenstv.mx\/index.php\/wp-json\/wp\/v2\/media\/751"}],"wp:attachment":[{"href":"https:\/\/lenstv.mx\/index.php\/wp-json\/wp\/v2\/media?parent=750"}],"wp:term":[{"taxonomy":"category","embeddable":true,"href":"https:\/\/lenstv.mx\/index.php\/wp-json\/wp\/v2\/categories?post=750"},{"taxonomy":"post_tag","embeddable":true,"href":"https:\/\/lenstv.mx\/index.php\/wp-json\/wp\/v2\/tags?post=750"}],"curies":[{"name":"wp","href":"https:\/\/api.w.org\/{rel}","templated":true}]}}