{"id":753,"date":"2025-09-22T15:29:01","date_gmt":"2025-09-22T15:29:01","guid":{"rendered":"https:\/\/lenstv.mx\/?p=753"},"modified":"2025-09-22T15:31:25","modified_gmt":"2025-09-22T15:31:25","slug":"edgar-barrera-recibe-10-nominaciones-a-los-premios-latin-grammy-2025-confirmando-su-confianza-como-uno-de-los-mejores-compositores-y-productores-de-la-decada","status":"publish","type":"post","link":"https:\/\/lenstv.mx\/index.php\/2025\/09\/22\/edgar-barrera-recibe-10-nominaciones-a-los-premios-latin-grammy-2025-confirmando-su-confianza-como-uno-de-los-mejores-compositores-y-productores-de-la-decada\/","title":{"rendered":"EDGAR BARRERA RECIBE 10 NOMINACIONES A LOS PREMIOS LATIN GRAMMY\u00ae 2025, CONFIRMANDO SU CONFIANZA COMO UNO DE LOS MEJORES COMPOSITORES Y PRODUCTORES DE LA D\u00c9CADA"},"content":{"rendered":"<p><strong>Edgar Barrera<\/strong>, uno de los compositores y productores m\u00e1s aclamados de la m\u00fasica latina, ha recibido 10 nominaciones a la <strong>26.\u00aa Entrega Anual del Latin GRAMMY\u00ae<\/strong>. Sus nominaciones en categor\u00edas como<em> Compositor del A\u00f1o <\/em>y<em> Productor del A\u00f1o<\/em> lo posicionan entre los principales nominados, consolidando a\u00fan m\u00e1s su influyente posici\u00f3n en la industria y como una de las mentes m\u00e1s brillantes de esta generaci\u00f3n. Este a\u00f1o, es reconocido por su trabajo en \u00e9xitos mundiales como \u201cHecha Pa&#8217; M\u00ed\u00bb, \u201cMe Jalo\u00bb, \u201cSi Antes Te Hubiera Conocido\u201d, y m\u00e1s. <strong>La 26.a Entrega Anual del Latin GRAMMY\u00ae<\/strong> se transmitir\u00e1 EN VIVO por Univision el jueves 13 de noviembre de 2025, a las 8 p.m. ET \/ 7 p.m. CT desde el MGM Grand Garden Arena en Las Vegas, Nevada.<\/p>\n<p><strong><u>Nominaciones de Edgar Barrera al Latin GRAMMY\u00ae 2025:<\/u><\/strong><\/p>\n<ul>\n<li><em>Grabaci\u00f3n del A\u00f1o &#8211; \u201cSi Antes Te Hubiera Conocido\u201d<\/em><\/li>\n<li><em>Canci\u00f3n del A\u00f1o &#8211; \u201cSi Antes Te Hubiera Conocido\u201d<\/em><\/li>\n<li><em>Mejor Canci\u00f3n Pop &#8211; \u201cSoltera\u201d<\/em><\/li>\n<li><em>Mejor Canci\u00f3n Tropical &#8211; \u201cSi Antes Te Hubiera Conocido\u201d<\/em><\/li>\n<li><em>Mejor Canci\u00f3n Regional Mexicana &#8211; \u201cHecha Pa&#8217; M\u00ed\u201d <\/em><\/li>\n<li><em>Mejor Canci\u00f3n Regional Mexicana &#8211; \u201c Me Jalo\u201d <\/em><\/li>\n<li><em>Mejor Canci\u00f3n Regional Mexicana &#8211; \u201cSi T\u00fa Me Vieras\u201d<\/em><\/li>\n<li><em>Compositor del A\u00f1o<\/em><\/li>\n<li><em>Productor del A\u00f1o<\/em><\/li>\n<\/ul>\n<p>Conocido por combinar estilos musicales y colaborar con artistas de la talla de Madonna, Ariana Grande, Shawn Mendes, Farruko, Rauw Alejandro, Camilo, Maluma, Grupo Firme y m\u00e1s, <strong>Edgar Barrera <\/strong>es uno de los productores m\u00e1s aclamados y nominados de la escena musical. En 2024, hizo historia como el \u00fanico latino nominado en las principales categor\u00edas de los Premios GRAMMY, obteniendo una nominaci\u00f3n a Compositor del A\u00f1o (No Cl\u00e1sica). Con la impresionante cifra de 84 nominaciones al Latin GRAMMY, la persona con m\u00e1s nominaciones en la historia, y 26 victorias, Barrera lider\u00f3 las nominaciones al Latin GRAMMY 2024 por segundo a\u00f1o consecutivo, obteniendo nueve nominaciones y ganando los premios a Compositor del A\u00f1o y Productor del A\u00f1o por segundo a\u00f1o consecutivo. Tambi\u00e9n obtuvo tres nominaciones al premio GRAMMY y una victoria. Su trabajo notable incluye el \u00e1lbum \u201cPorque La Demora\u201d de Natanael Cano, el \u00e1lbum \u201cTropicoqueta\u201d de Karol G, \u201cLas Mujeres Ya No Lloran\u201d de Shakira, el EP conjunto de Grupo Frontera y Fuerza Regida \u201cMala M\u00eda\u201d, y muchos m\u00e1s.<\/p>\n","protected":false},"excerpt":{"rendered":"<p>Edgar Barrera, uno de los compositores y productores m\u00e1s aclamados de la m\u00fasica latina, ha recibido 10 nominaciones a la 26.\u00aa Entrega Anual del Latin GRAMMY\u00ae. Sus nominaciones en categor\u00edas como Compositor del A\u00f1o y Productor del A\u00f1o lo posicionan entre los principales nominados, consolidando a\u00fan m\u00e1s su influyente posici\u00f3n en la industria y como [&hellip;]<\/p>\n","protected":false},"author":2,"featured_media":754,"comment_status":"open","ping_status":"open","sticky":false,"template":"","format":"standard","meta":{"footnotes":""},"categories":[6,4],"tags":[12,11,13,72],"class_list":["post-753","post","type-post","status-publish","format-standard","has-post-thumbnail","hentry","category-espectaculos","category-nacionales","tag-lensnoticias","tag-lenstv","tag-mantenteinformado","tag-edgarbarrera"],"_links":{"self":[{"href":"https:\/\/lenstv.mx\/index.php\/wp-json\/wp\/v2\/posts\/753","targetHints":{"allow":["GET"]}}],"collection":[{"href":"https:\/\/lenstv.mx\/index.php\/wp-json\/wp\/v2\/posts"}],"about":[{"href":"https:\/\/lenstv.mx\/index.php\/wp-json\/wp\/v2\/types\/post"}],"author":[{"embeddable":true,"href":"https:\/\/lenstv.mx\/index.php\/wp-json\/wp\/v2\/users\/2"}],"replies":[{"embeddable":true,"href":"https:\/\/lenstv.mx\/index.php\/wp-json\/wp\/v2\/comments?post=753"}],"version-history":[{"count":1,"href":"https:\/\/lenstv.mx\/index.php\/wp-json\/wp\/v2\/posts\/753\/revisions"}],"predecessor-version":[{"id":755,"href":"https:\/\/lenstv.mx\/index.php\/wp-json\/wp\/v2\/posts\/753\/revisions\/755"}],"wp:featuredmedia":[{"embeddable":true,"href":"https:\/\/lenstv.mx\/index.php\/wp-json\/wp\/v2\/media\/754"}],"wp:attachment":[{"href":"https:\/\/lenstv.mx\/index.php\/wp-json\/wp\/v2\/media?parent=753"}],"wp:term":[{"taxonomy":"category","embeddable":true,"href":"https:\/\/lenstv.mx\/index.php\/wp-json\/wp\/v2\/categories?post=753"},{"taxonomy":"post_tag","embeddable":true,"href":"https:\/\/lenstv.mx\/index.php\/wp-json\/wp\/v2\/tags?post=753"}],"curies":[{"name":"wp","href":"https:\/\/api.w.org\/{rel}","templated":true}]}}