{"id":756,"date":"2025-09-22T15:40:11","date_gmt":"2025-09-22T15:40:11","guid":{"rendered":"https:\/\/lenstv.mx\/?p=756"},"modified":"2025-09-22T15:40:11","modified_gmt":"2025-09-22T15:40:11","slug":"aitana-nominada-al-latin-grammy-por-cuarto-azul-como-mejor-album-pop-contemporaneo","status":"publish","type":"post","link":"https:\/\/lenstv.mx\/index.php\/2025\/09\/22\/aitana-nominada-al-latin-grammy-por-cuarto-azul-como-mejor-album-pop-contemporaneo\/","title":{"rendered":"AITANA NOMINADA AL LATIN GRAMMY POR \u00abCUARTO AZUL\u00bb COMO \u00abMEJOR \u00c1LBUM POP CONTEMPOR\u00c1NEO\u00bb"},"content":{"rendered":"<p><strong>\u00abCUARTO AZUL\u00bb TAMBI\u00c9N HA RECIBIDO LA NOMINACI\u00d3N EN <\/strong><strong>LA CATEGOR\u00cdA \u00abMEJOR DISE\u00d1O DE EMPAQUE\u00bb<\/strong><\/p>\n<p><strong>\u00a0<\/strong><strong>\u00abCUARTO AZUL\u00bb SE CONSOLIDA A NIVEL INTERNACIONAL COMO UNO DE LOS PROYECTOS POP DEL A\u00d1O, CONSIGUIENDO UN HITO M\u00c1S CON ESTAS DOS NOMINACIONES A LATIN GRAMMYS<\/strong><\/p>\n<p><strong>AITANA<\/strong> vuelve a hacer historia en la m\u00fasica latina con dos nominaciones en la pr\u00f3xima edici\u00f3n de los Latin Grammy, <strong><em>Mejor \u00c1lbum Pop Contempor\u00e1neo<\/em><\/strong> y <strong><em>Mejor Dise\u00f1o de Empaque<\/em><\/strong>, consolid\u00e1ndose como una de las artistas pop internacional m\u00e1s influyentes y queridas de su generaci\u00f3n. Estas nominaciones llegan en un a\u00f1o clave para la cantante, en el que su \u00faltimo proyecto, <strong><em>CUARTO AZUL<\/em><\/strong>, ha marcado un antes y un despu\u00e9s en su carrera.<\/p>\n<p>Adem\u00e1s, <strong><em>CUARTO AZUL<\/em><\/strong> tambi\u00e9n ha destacado en la categor\u00eda <strong><em>Mejor Productor del A\u00f1o<\/em><\/strong>, donde se reconoce el trabajo de <strong>Nico Cotton, Andr\u00e9s Torres y Mauricio Rengifo. <\/strong><\/p>\n<p>El \u00e1lbum, que debut\u00f3 en el #1 en las listas de ventas en Espa\u00f1a, ha sido celebrado tanto por la cr\u00edtica como por el p\u00fablico, posicion\u00e1ndose como uno de los discos m\u00e1s relevantes del pop en espa\u00f1ol en 2025. Con canciones que han acumulado cientos de millones de streams, <strong><em>CUARTO AZUL<\/em><\/strong> ha demostrado la capacidad de <strong>AITANA<\/strong> para conectar con distintas generaciones y mantener una identidad art\u00edstica s\u00f3lida, arriesgada y honesta.<\/p>\n<p>El \u00e9xito del proyecto tambi\u00e9n se ha visto reflejado en los escenarios. En Espa\u00f1a, <strong>AITANA<\/strong> ha agotado entradas en los mayores estadios del pa\u00eds, incluyendo el Estadi Ol\u00edmpic Llu\u00eds Companys en Barcelona y el C\u00edvitas Metropolitano en Madrid, reuniendo a m\u00e1s de 160.000 espectadores en su gira. A estos hitos se suma su proyecci\u00f3n internacional con su gira <strong>\u00abCUARTO AZUL WORLD TOUR\u00bb <\/strong>que la llevar\u00e1 en 2026 a m\u00e1s de 50 ciudades como Bogot\u00e1, Buenos Aires, Madrid, Miami, New York, Barcelona o Lisboa.<\/p>\n<p>Con estas nominaciones a los Latin Grammy, <strong>AITANA<\/strong> suma un reconocimiento m\u00e1s a un a\u00f1o extraordinario, en el que su talento, visi\u00f3n y conexi\u00f3n con el p\u00fablico han brillado como nunca. Su impacto traspasa fronteras y estas candidaturas reafirman su lugar entre las grandes voces de la m\u00fasica latina actual.<\/p>\n","protected":false},"excerpt":{"rendered":"<p>\u00abCUARTO AZUL\u00bb TAMBI\u00c9N HA RECIBIDO LA NOMINACI\u00d3N EN LA CATEGOR\u00cdA \u00abMEJOR DISE\u00d1O DE EMPAQUE\u00bb \u00a0\u00abCUARTO AZUL\u00bb SE CONSOLIDA A NIVEL INTERNACIONAL COMO UNO DE LOS PROYECTOS POP DEL A\u00d1O, CONSIGUIENDO UN HITO M\u00c1S CON ESTAS DOS NOMINACIONES A LATIN GRAMMYS AITANA vuelve a hacer historia en la m\u00fasica latina con dos nominaciones en la pr\u00f3xima [&hellip;]<\/p>\n","protected":false},"author":2,"featured_media":757,"comment_status":"open","ping_status":"open","sticky":false,"template":"","format":"standard","meta":{"footnotes":""},"categories":[6,4,1],"tags":[12,11,13,31],"class_list":["post-756","post","type-post","status-publish","format-standard","has-post-thumbnail","hentry","category-espectaculos","category-nacionales","category-varias","tag-lensnoticias","tag-lenstv","tag-mantenteinformado","tag-aitana"],"_links":{"self":[{"href":"https:\/\/lenstv.mx\/index.php\/wp-json\/wp\/v2\/posts\/756","targetHints":{"allow":["GET"]}}],"collection":[{"href":"https:\/\/lenstv.mx\/index.php\/wp-json\/wp\/v2\/posts"}],"about":[{"href":"https:\/\/lenstv.mx\/index.php\/wp-json\/wp\/v2\/types\/post"}],"author":[{"embeddable":true,"href":"https:\/\/lenstv.mx\/index.php\/wp-json\/wp\/v2\/users\/2"}],"replies":[{"embeddable":true,"href":"https:\/\/lenstv.mx\/index.php\/wp-json\/wp\/v2\/comments?post=756"}],"version-history":[{"count":1,"href":"https:\/\/lenstv.mx\/index.php\/wp-json\/wp\/v2\/posts\/756\/revisions"}],"predecessor-version":[{"id":758,"href":"https:\/\/lenstv.mx\/index.php\/wp-json\/wp\/v2\/posts\/756\/revisions\/758"}],"wp:featuredmedia":[{"embeddable":true,"href":"https:\/\/lenstv.mx\/index.php\/wp-json\/wp\/v2\/media\/757"}],"wp:attachment":[{"href":"https:\/\/lenstv.mx\/index.php\/wp-json\/wp\/v2\/media?parent=756"}],"wp:term":[{"taxonomy":"category","embeddable":true,"href":"https:\/\/lenstv.mx\/index.php\/wp-json\/wp\/v2\/categories?post=756"},{"taxonomy":"post_tag","embeddable":true,"href":"https:\/\/lenstv.mx\/index.php\/wp-json\/wp\/v2\/tags?post=756"}],"curies":[{"name":"wp","href":"https:\/\/api.w.org\/{rel}","templated":true}]}}