{"id":759,"date":"2025-09-24T17:38:43","date_gmt":"2025-09-24T17:38:43","guid":{"rendered":"https:\/\/lenstv.mx\/?p=759"},"modified":"2025-09-24T17:38:43","modified_gmt":"2025-09-24T17:38:43","slug":"jasiel-nunez-sensacion-de-la-musica-mexicana-presenta-su-esperado-album-lo-aprendi-de-la-lleca-junto-con-la-lista-de-canciones-y-la-portada-que-se-lanzara-el-2-de-octubre","status":"publish","type":"post","link":"https:\/\/lenstv.mx\/index.php\/2025\/09\/24\/jasiel-nunez-sensacion-de-la-musica-mexicana-presenta-su-esperado-album-lo-aprendi-de-la-lleca-junto-con-la-lista-de-canciones-y-la-portada-que-se-lanzara-el-2-de-octubre\/","title":{"rendered":"JASIEL N\u00da\u00d1EZ, SENSACI\u00d3N DE LA M\u00daSICA MEXICANA, PRESENTA SU ESPERADO \u00c1LBUM, LO APREND\u00cd DE LA LLECA JUNTO CON LA LISTA DE CANCIONES Y LA PORTADA QUE SE LANZAR\u00c1 EL 2 DE OCTUBRE"},"content":{"rendered":"<p><strong><em>ADEM\u00c1S ANUNCIA EL TEMA DESTACADO \u00abLA LLECA\u00bb CON PESO PLUMA<\/em><\/strong><\/p>\n<p>El legendario artista de la m\u00fasica latina <strong>Jasiel N\u00fa\u00f1ez<\/strong> anunci\u00f3 oficialmente la fecha de lanzamiento de su esperado nuevo \u00e1lbum, titulado<strong><em> Lo Aprend\u00ed En La Lleca<\/em><\/strong>, que se lanzar\u00e1 el 2 de octubre. Junto con el anuncio, <strong>Jasiel<\/strong> present\u00f3 la portada oficial del \u00e1lbum, un emotivo homenaje a sus ra\u00edces y su crianza. La imagen lo muestra de pie en la entrada de la tienda de sus padres en su ciudad natal de Guadalajara, un lugar lleno de historia personal y recuerdos. El entorno r\u00fastico y atemporal evoca una sensaci\u00f3n de reflexi\u00f3n y orgullo, simbolizando la base que lo form\u00f3 en la persona que es hoy. Con el t\u00edtulo del \u00e1lbum destacado sobre la fachada de la tienda, <strong>Jasiel<\/strong> honra el lugar de donde viene, mientras contin\u00faa desafiando los l\u00edmites de la m\u00fasica mexicana. Esta revelaci\u00f3n tambi\u00e9n viene acompa\u00f1ada del tracklist oficial del \u00e1lbum, que incluye siete canciones, entre ellas los \u00e9xitos previamente lanzados y que rompieron r\u00e9cords, <strong>\u00abFormula One\u00bb <\/strong>y<strong> \u00abHeisenberg\u00bb,<\/strong> adem\u00e1s de colaboraciones in\u00e9ditas con reconocidos artistas de la m\u00fasica mexicana:<strong> Chino Pacas <\/strong>en<strong> \u00abJalados\u00bb, Calle 24 <\/strong>en<strong> \u00abChicoteado\u00bb <\/strong>y<strong> Peso Pluma<\/strong> en el tema principal <strong>\u00abLa Lleca\u00bb. \u00ab<em>Lo Aprend\u00ed En La Lleca<\/em><\/strong>\u00bb se lanzar\u00e1 el 2 de octubre, con las siete canciones del \u00e1lbum junto con un video.<\/p>\n<p><img loading=\"lazy\" decoding=\"async\" class=\"alignnone size-medium wp-image-761\" src=\"https:\/\/lenstv.mx\/wp-content\/uploads\/2025\/09\/JASIEL-2-300x300.jpg\" alt=\"\" width=\"300\" height=\"300\" srcset=\"https:\/\/lenstv.mx\/wp-content\/uploads\/2025\/09\/JASIEL-2-300x300.jpg 300w, https:\/\/lenstv.mx\/wp-content\/uploads\/2025\/09\/JASIEL-2-1024x1024.jpg 1024w, https:\/\/lenstv.mx\/wp-content\/uploads\/2025\/09\/JASIEL-2-150x150.jpg 150w, https:\/\/lenstv.mx\/wp-content\/uploads\/2025\/09\/JASIEL-2-768x768.jpg 768w, https:\/\/lenstv.mx\/wp-content\/uploads\/2025\/09\/JASIEL-2-1536x1536.jpg 1536w, https:\/\/lenstv.mx\/wp-content\/uploads\/2025\/09\/JASIEL-2.jpg 2048w\" sizes=\"auto, (max-width: 300px) 100vw, 300px\" \/><img loading=\"lazy\" decoding=\"async\" class=\"alignnone size-medium wp-image-762\" src=\"https:\/\/lenstv.mx\/wp-content\/uploads\/2025\/09\/JASIEL-3-300x300.jpg\" alt=\"\" width=\"300\" height=\"300\" srcset=\"https:\/\/lenstv.mx\/wp-content\/uploads\/2025\/09\/JASIEL-3-300x300.jpg 300w, https:\/\/lenstv.mx\/wp-content\/uploads\/2025\/09\/JASIEL-3-1024x1024.jpg 1024w, https:\/\/lenstv.mx\/wp-content\/uploads\/2025\/09\/JASIEL-3-150x150.jpg 150w, https:\/\/lenstv.mx\/wp-content\/uploads\/2025\/09\/JASIEL-3-768x768.jpg 768w, https:\/\/lenstv.mx\/wp-content\/uploads\/2025\/09\/JASIEL-3-1536x1536.jpg 1536w, https:\/\/lenstv.mx\/wp-content\/uploads\/2025\/09\/JASIEL-3.jpg 2048w\" sizes=\"auto, (max-width: 300px) 100vw, 300px\" \/><img loading=\"lazy\" decoding=\"async\" class=\"alignnone size-medium wp-image-763\" src=\"https:\/\/lenstv.mx\/wp-content\/uploads\/2025\/09\/JASIEL-4-300x300.jpg\" alt=\"\" width=\"300\" height=\"300\" srcset=\"https:\/\/lenstv.mx\/wp-content\/uploads\/2025\/09\/JASIEL-4-300x300.jpg 300w, https:\/\/lenstv.mx\/wp-content\/uploads\/2025\/09\/JASIEL-4-1024x1024.jpg 1024w, https:\/\/lenstv.mx\/wp-content\/uploads\/2025\/09\/JASIEL-4-150x150.jpg 150w, https:\/\/lenstv.mx\/wp-content\/uploads\/2025\/09\/JASIEL-4-768x768.jpg 768w, https:\/\/lenstv.mx\/wp-content\/uploads\/2025\/09\/JASIEL-4-1536x1536.jpg 1536w, https:\/\/lenstv.mx\/wp-content\/uploads\/2025\/09\/JASIEL-4.jpg 2048w\" sizes=\"auto, (max-width: 300px) 100vw, 300px\" \/><\/p>\n<p>&nbsp;<\/p>\n<p><strong><u>LISTA DE CANCIONES:<\/u><\/strong><\/p>\n<ol>\n<li>Vida Cara<\/li>\n<li>Jalados <strong>con Chino Pacas<\/strong><\/li>\n<li>F\u00f3rmula Uno<\/li>\n<li>Chicoteado <strong>con Calle 24<\/strong><\/li>\n<li>MVP<\/li>\n<li>Heisenberg<\/li>\n<li>La Lleca <strong>con Peso Pluma (PISTA PRINCIPAL)<\/strong><\/li>\n<\/ol>\n<p>Este anuncio viene inmediatamente despu\u00e9s de los lanzamientos de los exitosos temas de <strong>Jasiel<\/strong>, \u00abFormula One\u00bb y \u00abHeisenberg\u00bb. \u00ab<strong>Formula One<\/strong>\u00bb ha obtenido m\u00e1s de 46.4 millones de reproducciones en Spotify desde su lanzamiento en junio y contin\u00faa subiendo. El tema caus\u00f3 sensaci\u00f3n alcanzando el puesto <strong><em>#13 <\/em><\/strong>en la lista <strong>Top 50 de Spotify M\u00e9xico<\/strong>, <strong>#39 en la lista semanal de canciones Top Songs de Spotify M\u00e9xico<\/strong>, <strong>#45 en la lista Top 100: M\u00e9xico de Apple Music<\/strong>,<strong> #9 en Top: 25 Guadalajara de Apple Music<\/strong>, <strong>#93 en la lista semanal de canciones Top de YouTube Music M\u00e9xico<\/strong>, <strong>#20 en su lista de videos en tendencia,<\/strong> <strong>#59 en su lista de videos musicales diarios Top <\/strong>y m\u00e1s. Solo este a\u00f1o, <strong>Jasiel <\/strong>ha demostrado su versatilidad a trav\u00e9s de \u00e9xitos consecutivos como \u00abAbundancia\u00bb con Legado 7, \u00abBelicosa\u00bb con Deorro y \u00abLinda Mujer\u00bb con Ed Maverick. A\u00f1adiendo a la lista de logros, <strong>Jasiel <\/strong>hizo su debut en concierto como solista en febrero en The Novo en Los \u00c1ngeles, honr\u00f3 los escenarios de prestigiosos festivales como Sue\u00f1os Music Festival en Chicago, B\u00e9same Mucho Fest en Texas, Empire Music Festival en Guatemala y Tecate Pa&#8217;l Norte en Monterrey, M\u00e9xico. M\u00e1s all\u00e1 de la m\u00fasica, Jasiel tambi\u00e9n hizo su debut en la Semana de la Moda de Par\u00eds junto a Amiri marcando un hito importante en su carrera mientras contin\u00faa cautivando a los fans en todo M\u00e9xico y m\u00e1s all\u00e1. Como uno de los primeros artistas en firmar con el sello discogr\u00e1fico de Peso Pluma, <strong>Double P Records<\/strong>, <strong>Jasiel Nu\u00f1ez<\/strong> contribuy\u00f3 al \u00faltimo \u00e1lbum de Peso Pluma, <em>\u00c9XODO<\/em>, colaborando en la canci\u00f3n que rompi\u00f3 r\u00e9cords \u00abMe Activo\u00bb, que debut\u00f3 en el #140 en la <em>lista Top 200 Global <\/em>de Spotify, #108 en la lista <em>Top 200 de Spotify USA<\/em>, #13 en la lista <em>Top 100<\/em> de Spotify M\u00e9xico, #64 en la lista <em>Top 50 Global de Apple Music<\/em> y #3 en la lista Top 10 Mexicana de Apple Music. A finales del a\u00f1o pasado, <strong>Jasiel <\/strong>lanz\u00f3 su esperado segundo \u00e1lbum, <strong><em>La Odisea<\/em><\/strong>, que le vali\u00f3 su primer puesto en la lista Billboard de \u00c1lbumes, el n\u00famero 6 de la lista <em>Regional Mexicana<\/em> y el n\u00famero 8 de la lista <em>Top Latin Albums<\/em>. Con m\u00e1s de <strong>10.1 millones de oyentes mensuales<\/strong> en Spotify, <strong>Jasiel N\u00fa\u00f1ez<\/strong> se consolida como una de las voces m\u00e1s influyentes y din\u00e1micas de la actualidad.<\/p>\n<p><iframe loading=\"lazy\" title=\"Bipolar - Jasiel Nu\u00f1ez ,Peso Pluma, Junior H (Lyric Video)\" src=\"https:\/\/www.youtube.com\/embed\/QaXqmN5Cv8M\" width=\"300\" height=\"300\" frameborder=\"0\" allowfullscreen=\"allowfullscreen\"><span data-mce-type=\"bookmark\" style=\"display: inline-block; width: 0px; overflow: hidden; line-height: 0;\" class=\"mce_SELRES_start\">\ufeff<\/span><\/iframe><\/p>\n","protected":false},"excerpt":{"rendered":"<p>ADEM\u00c1S ANUNCIA EL TEMA DESTACADO \u00abLA LLECA\u00bb CON PESO PLUMA El legendario artista de la m\u00fasica latina Jasiel N\u00fa\u00f1ez anunci\u00f3 oficialmente la fecha de lanzamiento de su esperado nuevo \u00e1lbum, titulado Lo Aprend\u00ed En La Lleca, que se lanzar\u00e1 el 2 de octubre. Junto con el anuncio, Jasiel present\u00f3 la portada oficial del \u00e1lbum, un [&hellip;]<\/p>\n","protected":false},"author":2,"featured_media":760,"comment_status":"open","ping_status":"open","sticky":false,"template":"","format":"standard","meta":{"footnotes":""},"categories":[6,4,1],"tags":[12,11,13,73],"class_list":["post-759","post","type-post","status-publish","format-standard","has-post-thumbnail","hentry","category-espectaculos","category-nacionales","category-varias","tag-lensnoticias","tag-lenstv","tag-mantenteinformado","tag-jasielnunez"],"_links":{"self":[{"href":"https:\/\/lenstv.mx\/index.php\/wp-json\/wp\/v2\/posts\/759","targetHints":{"allow":["GET"]}}],"collection":[{"href":"https:\/\/lenstv.mx\/index.php\/wp-json\/wp\/v2\/posts"}],"about":[{"href":"https:\/\/lenstv.mx\/index.php\/wp-json\/wp\/v2\/types\/post"}],"author":[{"embeddable":true,"href":"https:\/\/lenstv.mx\/index.php\/wp-json\/wp\/v2\/users\/2"}],"replies":[{"embeddable":true,"href":"https:\/\/lenstv.mx\/index.php\/wp-json\/wp\/v2\/comments?post=759"}],"version-history":[{"count":1,"href":"https:\/\/lenstv.mx\/index.php\/wp-json\/wp\/v2\/posts\/759\/revisions"}],"predecessor-version":[{"id":764,"href":"https:\/\/lenstv.mx\/index.php\/wp-json\/wp\/v2\/posts\/759\/revisions\/764"}],"wp:featuredmedia":[{"embeddable":true,"href":"https:\/\/lenstv.mx\/index.php\/wp-json\/wp\/v2\/media\/760"}],"wp:attachment":[{"href":"https:\/\/lenstv.mx\/index.php\/wp-json\/wp\/v2\/media?parent=759"}],"wp:term":[{"taxonomy":"category","embeddable":true,"href":"https:\/\/lenstv.mx\/index.php\/wp-json\/wp\/v2\/categories?post=759"},{"taxonomy":"post_tag","embeddable":true,"href":"https:\/\/lenstv.mx\/index.php\/wp-json\/wp\/v2\/tags?post=759"}],"curies":[{"name":"wp","href":"https:\/\/api.w.org\/{rel}","templated":true}]}}