{"id":816,"date":"2025-10-13T18:26:32","date_gmt":"2025-10-13T18:26:32","guid":{"rendered":"https:\/\/lenstv.mx\/?p=816"},"modified":"2025-10-13T18:26:32","modified_gmt":"2025-10-13T18:26:32","slug":"inicia-festival-internacional-de-teatro-de-calle-zacatecas","status":"publish","type":"post","link":"https:\/\/lenstv.mx\/index.php\/2025\/10\/13\/inicia-festival-internacional-de-teatro-de-calle-zacatecas\/","title":{"rendered":"Inicia Festival Internacional de Teatro de Calle Zacatecas"},"content":{"rendered":"<div class=\"xdj266r x14z9mp xat24cr x1lziwak x1vvkbs x126k92a\">\n<div dir=\"auto\"><span class=\"html-span xexx8yu xyri2b x18d9i69 x1c1uobl x1hl2dhg x16tdsg8 x1vvkbs x3nfvp2 x1j61x8r x1fcty0u xdj266r xat24cr xm2jcoa x1mpyi22 xxymvpz xlup9mm x1kky2od\"><img loading=\"lazy\" decoding=\"async\" class=\"xz74otr x15mokao x1ga7v0g x16uus16 xbiv7yw\" src=\"https:\/\/static.xx.fbcdn.net\/images\/emoji.php\/v9\/t4d\/2\/16\/1f3ad.png\" alt=\"\ud83c\udfad\" width=\"16\" height=\"16\" \/><\/span> Comienza el Festival Internacional de Calle en la capital zacatecana.<\/div>\n<div dir=\"auto\">Por segunda ocasi\u00f3n, el grupo belga Theater Tol present\u00f3 su espect\u00e1culo a\u00e9reo \u201cPedaleando hacia el cielo\u201d en la Plaza de Armas, como parte del <span class=\"html-span xdj266r x14z9mp xat24cr x1lziwak xexx8yu xyri2b x18d9i69 x1c1uobl x1hl2dhg x16tdsg8 x1vvkbs\"><span class=\"xt0psk2\"><span class=\"xjp7ctv\">Festival Internacional de Teatro de Calle Zacatecas<\/span><\/span><\/span> 2025.<\/div>\n<div dir=\"auto\"><img loading=\"lazy\" decoding=\"async\" class=\"size-medium wp-image-817 aligncenter\" src=\"https:\/\/lenstv.mx\/wp-content\/uploads\/2025\/10\/pedalenado-300x200.jpg\" alt=\"\" width=\"300\" height=\"200\" srcset=\"https:\/\/lenstv.mx\/wp-content\/uploads\/2025\/10\/pedalenado-300x200.jpg 300w, https:\/\/lenstv.mx\/wp-content\/uploads\/2025\/10\/pedalenado-1024x682.jpg 1024w, https:\/\/lenstv.mx\/wp-content\/uploads\/2025\/10\/pedalenado-768x512.jpg 768w, https:\/\/lenstv.mx\/wp-content\/uploads\/2025\/10\/pedalenado.jpg 1280w\" sizes=\"auto, (max-width: 300px) 100vw, 300px\" \/><\/div>\n<div dir=\"auto\">Los asistentes quedaron cautivados una vez m\u00e1s por la creatividad y destreza de los actores que integran est\u00e1 agrupaci\u00f3n.<\/div>\n<div dir=\"auto\">\n<div dir=\"auto\">Una celebraci\u00f3n de la esperanza, el amor y la belleza compartida.<\/div>\n<div dir=\"auto\"><img loading=\"lazy\" decoding=\"async\" class=\"alignnone size-medium wp-image-819\" src=\"https:\/\/lenstv.mx\/wp-content\/uploads\/2025\/10\/pedalenado3-300x200.jpg\" alt=\"\" width=\"300\" height=\"200\" srcset=\"https:\/\/lenstv.mx\/wp-content\/uploads\/2025\/10\/pedalenado3-300x200.jpg 300w, https:\/\/lenstv.mx\/wp-content\/uploads\/2025\/10\/pedalenado3-1024x682.jpg 1024w, https:\/\/lenstv.mx\/wp-content\/uploads\/2025\/10\/pedalenado3-768x512.jpg 768w, https:\/\/lenstv.mx\/wp-content\/uploads\/2025\/10\/pedalenado3.jpg 1280w\" sizes=\"auto, (max-width: 300px) 100vw, 300px\" \/><img loading=\"lazy\" decoding=\"async\" class=\"alignnone size-medium wp-image-818\" src=\"https:\/\/lenstv.mx\/wp-content\/uploads\/2025\/10\/pedalenado2-300x200.jpg\" alt=\"\" width=\"300\" height=\"200\" srcset=\"https:\/\/lenstv.mx\/wp-content\/uploads\/2025\/10\/pedalenado2-300x200.jpg 300w, https:\/\/lenstv.mx\/wp-content\/uploads\/2025\/10\/pedalenado2-1024x682.jpg 1024w, https:\/\/lenstv.mx\/wp-content\/uploads\/2025\/10\/pedalenado2-768x512.jpg 768w, https:\/\/lenstv.mx\/wp-content\/uploads\/2025\/10\/pedalenado2.jpg 1280w\" sizes=\"auto, (max-width: 300px) 100vw, 300px\" \/><\/div>\n<div dir=\"auto\">Bajo la organizaci\u00f3n del \u00a0Gobierno de Zacatecas, bajo la coordinaci\u00f3n del <span class=\"html-span xdj266r x14z9mp xat24cr x1lziwak xexx8yu xyri2b x18d9i69 x1c1uobl x1hl2dhg x16tdsg8 x1vvkbs\">#IZC<\/span> la puesta en escena provoc\u00f3 la ovaci\u00f3n y aplausos de las y los zacatecanos.<\/div>\n<div dir=\"auto\"><img loading=\"lazy\" decoding=\"async\" class=\"alignnone size-medium wp-image-820\" src=\"https:\/\/lenstv.mx\/wp-content\/uploads\/2025\/10\/pedalenado4-300x200.jpg\" alt=\"\" width=\"300\" height=\"200\" srcset=\"https:\/\/lenstv.mx\/wp-content\/uploads\/2025\/10\/pedalenado4-300x200.jpg 300w, https:\/\/lenstv.mx\/wp-content\/uploads\/2025\/10\/pedalenado4-1024x682.jpg 1024w, https:\/\/lenstv.mx\/wp-content\/uploads\/2025\/10\/pedalenado4-768x512.jpg 768w, https:\/\/lenstv.mx\/wp-content\/uploads\/2025\/10\/pedalenado4.jpg 1280w\" sizes=\"auto, (max-width: 300px) 100vw, 300px\" \/><\/div>\n<\/div>\n<\/div>\n<div class=\"x14z9mp xat24cr x1lziwak x1vvkbs xtlvy1s x126k92a\">\n<div dir=\"auto\"><span class=\"html-span xdj266r x14z9mp xat24cr x1lziwak xexx8yu xyri2b x18d9i69 x1c1uobl x1hl2dhg x16tdsg8 x1vvkbs\">#FITC2025<\/span><\/div>\n<div dir=\"auto\"><span class=\"html-span xdj266r x14z9mp xat24cr x1lziwak xexx8yu xyri2b x18d9i69 x1c1uobl x1hl2dhg x16tdsg8 x1vvkbs\">#ZacatecasEsCultura<\/span><\/div>\n<div dir=\"auto\"><span class=\"html-span xdj266r x14z9mp xat24cr x1lziwak xexx8yu xyri2b x18d9i69 x1c1uobl x1hl2dhg x16tdsg8 x1vvkbs\">#PazEsBienestar<\/span><span class=\"html-span xexx8yu xyri2b x18d9i69 x1c1uobl x1hl2dhg x16tdsg8 x1vvkbs x3nfvp2 x1j61x8r x1fcty0u xdj266r xat24cr xm2jcoa x1mpyi22 xxymvpz xlup9mm x1kky2od\"><img loading=\"lazy\" decoding=\"async\" class=\"xz74otr x15mokao x1ga7v0g x16uus16 xbiv7yw\" src=\"https:\/\/static.xx.fbcdn.net\/images\/emoji.php\/v9\/t59\/2\/16\/1f54a.png\" alt=\"\ud83d\udd4a\" width=\"16\" height=\"16\" \/><\/span><\/div>\n<\/div>\n","protected":false},"excerpt":{"rendered":"<p>Comienza el Festival Internacional de Calle en la capital zacatecana. Por segunda ocasi\u00f3n, el grupo belga Theater Tol present\u00f3 su espect\u00e1culo a\u00e9reo \u201cPedaleando hacia el cielo\u201d en la Plaza de Armas, como parte del Festival Internacional de Teatro de Calle Zacatecas 2025. Los asistentes quedaron cautivados una vez m\u00e1s por la creatividad y destreza de [&hellip;]<\/p>\n","protected":false},"author":3,"featured_media":821,"comment_status":"open","ping_status":"open","sticky":false,"template":"","format":"standard","meta":{"footnotes":""},"categories":[45,1],"tags":[],"class_list":["post-816","post","type-post","status-publish","format-standard","has-post-thumbnail","hentry","category-arte-y-cultura","category-varias"],"_links":{"self":[{"href":"https:\/\/lenstv.mx\/index.php\/wp-json\/wp\/v2\/posts\/816","targetHints":{"allow":["GET"]}}],"collection":[{"href":"https:\/\/lenstv.mx\/index.php\/wp-json\/wp\/v2\/posts"}],"about":[{"href":"https:\/\/lenstv.mx\/index.php\/wp-json\/wp\/v2\/types\/post"}],"author":[{"embeddable":true,"href":"https:\/\/lenstv.mx\/index.php\/wp-json\/wp\/v2\/users\/3"}],"replies":[{"embeddable":true,"href":"https:\/\/lenstv.mx\/index.php\/wp-json\/wp\/v2\/comments?post=816"}],"version-history":[{"count":1,"href":"https:\/\/lenstv.mx\/index.php\/wp-json\/wp\/v2\/posts\/816\/revisions"}],"predecessor-version":[{"id":822,"href":"https:\/\/lenstv.mx\/index.php\/wp-json\/wp\/v2\/posts\/816\/revisions\/822"}],"wp:featuredmedia":[{"embeddable":true,"href":"https:\/\/lenstv.mx\/index.php\/wp-json\/wp\/v2\/media\/821"}],"wp:attachment":[{"href":"https:\/\/lenstv.mx\/index.php\/wp-json\/wp\/v2\/media?parent=816"}],"wp:term":[{"taxonomy":"category","embeddable":true,"href":"https:\/\/lenstv.mx\/index.php\/wp-json\/wp\/v2\/categories?post=816"},{"taxonomy":"post_tag","embeddable":true,"href":"https:\/\/lenstv.mx\/index.php\/wp-json\/wp\/v2\/tags?post=816"}],"curies":[{"name":"wp","href":"https:\/\/api.w.org\/{rel}","templated":true}]}}