{"id":842,"date":"2025-11-20T02:58:43","date_gmt":"2025-11-20T02:58:43","guid":{"rendered":"https:\/\/lenstv.mx\/?p=842"},"modified":"2025-11-20T02:58:43","modified_gmt":"2025-11-20T02:58:43","slug":"somos-guardianes-exposicion-de-cesar-menchaca-en-zacatecas","status":"publish","type":"post","link":"https:\/\/lenstv.mx\/index.php\/2025\/11\/20\/somos-guardianes-exposicion-de-cesar-menchaca-en-zacatecas\/","title":{"rendered":"Somos Guardianes exposici\u00f3n de C\u00e9sar Menchaca en Zacatecas"},"content":{"rendered":"<p>Zacatecas se viste de arte y tradici\u00f3n mexicana con la exposici\u00f3n de C\u00e9sar Menchaca en Campo Real Vinos Tierra Adentro.<\/p>\n<p>Se inaugur\u00f3 la exposici\u00f3n Somos Guardianes con magnificas piezas de jaguares, y la serpiente emplumada decoradas con m\u00e1s de 10 000 chaquiras hechas de la cultura wix\u00e1rica.<\/p>\n<p>C\u00e9sar Menchaca es un artista mexicano que vi\u00f3 la visi\u00f3n de compartir la cultura y tradiciones wix\u00e1ricas con el mundo entero, del piso al mundo creando esculturas magnas con los simbolismos del amor a la tierra, los elementos, el alimento y m\u00e1s.<\/p>\n<p><img loading=\"lazy\" decoding=\"async\" class=\"size-medium wp-image-844 aligncenter\" src=\"https:\/\/lenstv.mx\/wp-content\/uploads\/2025\/11\/cesar-300x200.jpg\" alt=\"\" width=\"300\" height=\"200\" srcset=\"https:\/\/lenstv.mx\/wp-content\/uploads\/2025\/11\/cesar-300x200.jpg 300w, https:\/\/lenstv.mx\/wp-content\/uploads\/2025\/11\/cesar-1024x683.jpg 1024w, https:\/\/lenstv.mx\/wp-content\/uploads\/2025\/11\/cesar-768x512.jpg 768w, https:\/\/lenstv.mx\/wp-content\/uploads\/2025\/11\/cesar-1536x1024.jpg 1536w, https:\/\/lenstv.mx\/wp-content\/uploads\/2025\/11\/cesar.jpg 2048w\" sizes=\"auto, (max-width: 300px) 100vw, 300px\" \/><\/p>\n<p>Zacatecanos y visitantes pueden conocer estas magnas obras en el recorrido de Campo Real Vinos Tierra Adentro en Trancoso Zacatecas, \u00a1No te la puedes perder!<\/p>\n<p>Aqu\u00ed todos los detalles en Lenstv sin fronteras.<\/p>\n<p><iframe loading=\"lazy\"  id=\"_ytid_31359\"  width=\"640\" height=\"360\"  data-origwidth=\"640\" data-origheight=\"360\" src=\"https:\/\/www.youtube.com\/embed\/fCcUUSxCLe0?enablejsapi=1&#038;autoplay=0&#038;cc_load_policy=0&#038;cc_lang_pref=&#038;iv_load_policy=1&#038;loop=0&#038;rel=1&#038;fs=1&#038;playsinline=0&#038;autohide=2&#038;theme=dark&#038;color=red&#038;controls=1&#038;disablekb=0&#038;\" class=\"__youtube_prefs__  epyt-is-override  no-lazyload\" title=\"YouTube player\"  allow=\"fullscreen; accelerometer; autoplay; clipboard-write; encrypted-media; gyroscope; picture-in-picture; web-share\" referrerpolicy=\"strict-origin-when-cross-origin\" allowfullscreen data-no-lazy=\"1\" data-skipgform_ajax_framebjll=\"\"><\/iframe><\/p>\n<p>&nbsp;<\/p>\n","protected":false},"excerpt":{"rendered":"<p>Zacatecas se viste de arte y tradici\u00f3n mexicana con la exposici\u00f3n de C\u00e9sar Menchaca en Campo Real Vinos Tierra Adentro. Se inaugur\u00f3 la exposici\u00f3n Somos Guardianes con magnificas piezas de jaguares, y la serpiente emplumada decoradas con m\u00e1s de 10 000 chaquiras hechas de la cultura wix\u00e1rica. C\u00e9sar Menchaca es un artista mexicano que vi\u00f3 [&hellip;]<\/p>\n","protected":false},"author":3,"featured_media":843,"comment_status":"open","ping_status":"open","sticky":false,"template":"","format":"standard","meta":{"footnotes":""},"categories":[45,3,4],"tags":[],"class_list":["post-842","post","type-post","status-publish","format-standard","has-post-thumbnail","hentry","category-arte-y-cultura","category-locales","category-nacionales"],"_links":{"self":[{"href":"https:\/\/lenstv.mx\/index.php\/wp-json\/wp\/v2\/posts\/842","targetHints":{"allow":["GET"]}}],"collection":[{"href":"https:\/\/lenstv.mx\/index.php\/wp-json\/wp\/v2\/posts"}],"about":[{"href":"https:\/\/lenstv.mx\/index.php\/wp-json\/wp\/v2\/types\/post"}],"author":[{"embeddable":true,"href":"https:\/\/lenstv.mx\/index.php\/wp-json\/wp\/v2\/users\/3"}],"replies":[{"embeddable":true,"href":"https:\/\/lenstv.mx\/index.php\/wp-json\/wp\/v2\/comments?post=842"}],"version-history":[{"count":1,"href":"https:\/\/lenstv.mx\/index.php\/wp-json\/wp\/v2\/posts\/842\/revisions"}],"predecessor-version":[{"id":845,"href":"https:\/\/lenstv.mx\/index.php\/wp-json\/wp\/v2\/posts\/842\/revisions\/845"}],"wp:featuredmedia":[{"embeddable":true,"href":"https:\/\/lenstv.mx\/index.php\/wp-json\/wp\/v2\/media\/843"}],"wp:attachment":[{"href":"https:\/\/lenstv.mx\/index.php\/wp-json\/wp\/v2\/media?parent=842"}],"wp:term":[{"taxonomy":"category","embeddable":true,"href":"https:\/\/lenstv.mx\/index.php\/wp-json\/wp\/v2\/categories?post=842"},{"taxonomy":"post_tag","embeddable":true,"href":"https:\/\/lenstv.mx\/index.php\/wp-json\/wp\/v2\/tags?post=842"}],"curies":[{"name":"wp","href":"https:\/\/api.w.org\/{rel}","templated":true}]}}