{"id":847,"date":"2025-11-20T03:04:09","date_gmt":"2025-11-20T03:04:09","guid":{"rendered":"https:\/\/lenstv.mx\/?p=847"},"modified":"2025-11-20T03:04:09","modified_gmt":"2025-11-20T03:04:09","slug":"pepe-saldivar-busca-digitalizar-tramites-para-mejorar-la-atencion-ciudadana-en-guadalupe","status":"publish","type":"post","link":"https:\/\/lenstv.mx\/index.php\/2025\/11\/20\/pepe-saldivar-busca-digitalizar-tramites-para-mejorar-la-atencion-ciudadana-en-guadalupe\/","title":{"rendered":"Pepe Sald\u00edvar busca digitalizar tr\u00e1mites para mejorar la atenci\u00f3n ciudadana en Guadalupe"},"content":{"rendered":"<p>Federico Guzm\u00e1n L\u00f3pez, Secretario de Planeaci\u00f3n del Desarrollo Municipal, en representaci\u00f3n del Presidente Municipal de Guadalupe, Pepe Sald\u00edvar, particip\u00f3 en una reuni\u00f3n llevada a cabo en la ciudad de M\u00e9xico, en la que se abord\u00f3 la posible implementaci\u00f3n de la Nueva ley Nacional para eliminar los tr\u00e1mites burocr\u00e1ticos.<\/p>\n<p>Este evento de car\u00e1cter nacional al que convoc\u00f3 la Agencia de Transformaci\u00f3n Digital y Telecomunicaciones del Gobierno de M\u00e9xico, encabezada por Jos\u00e9 Antonio Pe\u00f1a Merino, se enter\u00f3 a los gobierno municipales y estatales, de las reglas a seguir y los requisitos que se deben deben cumplir para modificar su propia reglamentaci\u00f3n municipal y adaptarla a la nueva ley nacional para eliminar tr\u00e1mites burocr\u00e1ticos.<\/p>\n<p><img loading=\"lazy\" decoding=\"async\" class=\"size-medium wp-image-848 aligncenter\" src=\"https:\/\/lenstv.mx\/wp-content\/uploads\/2025\/11\/WhatsApp-Image-2025-11-19-at-1.55.21-PM-300x225.jpeg\" alt=\"\" width=\"300\" height=\"225\" srcset=\"https:\/\/lenstv.mx\/wp-content\/uploads\/2025\/11\/WhatsApp-Image-2025-11-19-at-1.55.21-PM-300x225.jpeg 300w, https:\/\/lenstv.mx\/wp-content\/uploads\/2025\/11\/WhatsApp-Image-2025-11-19-at-1.55.21-PM-1024x768.jpeg 1024w, https:\/\/lenstv.mx\/wp-content\/uploads\/2025\/11\/WhatsApp-Image-2025-11-19-at-1.55.21-PM-768x576.jpeg 768w, https:\/\/lenstv.mx\/wp-content\/uploads\/2025\/11\/WhatsApp-Image-2025-11-19-at-1.55.21-PM.jpeg 1280w\" sizes=\"auto, (max-width: 300px) 100vw, 300px\" \/><\/p>\n<p>El Secretario de Planeaci\u00f3n Municipal, Federico Guzm\u00e1n se\u00f1al\u00f3, que es muy importante saber qu\u00e9 estructura org\u00e1nica se requiere modificar y que \u00e1reas se deben crear en la administraci\u00f3n municipal, para darle aplicaci\u00f3n a dicha ley y as\u00ed beneficiar a la poblaci\u00f3n guadalupense en cuanto a los tr\u00e1mites que necesiten realizar.<\/p>\n<p>\u201cEsto lleva el sello humanista que impulsa la Presidenta Claudia Sheinbaum Pardo desde el Gobierno de M\u00e9xico y est\u00e1 centrada en atender las necesidades de los ciudadanos que cotidianamente acuden a las instancias de gobierno a realizar sus tr\u00e1mites\u201d, subray\u00f3.<br \/>\nFinalmente, Federico Guzm\u00e1n destac\u00f3 que gracias a los esfuerzos que se est\u00e1n haciendo en esta materia, se busca reposicionar a M\u00e9xico en el plano internacional, \u201ceste tipo de iniciativas suman a que M\u00e9xico siga avanzando en competitividad y foco de atracci\u00f3n de inversi\u00f3n de capital privado\u201d.<\/p>\n<p><img loading=\"lazy\" decoding=\"async\" class=\"size-medium wp-image-850 aligncenter\" src=\"https:\/\/lenstv.mx\/wp-content\/uploads\/2025\/11\/WhatsApp-Image-2025-11-19-at-1.55.22-PM-300x200.jpeg\" alt=\"\" width=\"300\" height=\"200\" srcset=\"https:\/\/lenstv.mx\/wp-content\/uploads\/2025\/11\/WhatsApp-Image-2025-11-19-at-1.55.22-PM-300x200.jpeg 300w, https:\/\/lenstv.mx\/wp-content\/uploads\/2025\/11\/WhatsApp-Image-2025-11-19-at-1.55.22-PM-1024x682.jpeg 1024w, https:\/\/lenstv.mx\/wp-content\/uploads\/2025\/11\/WhatsApp-Image-2025-11-19-at-1.55.22-PM-768x512.jpeg 768w, https:\/\/lenstv.mx\/wp-content\/uploads\/2025\/11\/WhatsApp-Image-2025-11-19-at-1.55.22-PM.jpeg 1280w\" sizes=\"auto, (max-width: 300px) 100vw, 300px\" \/><\/p>\n<p>Con estas acciones Pepe Sald\u00edvar busca impulsar la transformaci\u00f3n en el municipio en cuanto a tr\u00e1mites se refiere para que los guadalupenses logren realizarlos de manera r\u00e1pida confiable y accesible.<\/p>\n<p>&nbsp;<\/p>\n","protected":false},"excerpt":{"rendered":"<p>Federico Guzm\u00e1n L\u00f3pez, Secretario de Planeaci\u00f3n del Desarrollo Municipal, en representaci\u00f3n del Presidente Municipal de Guadalupe, Pepe Sald\u00edvar, particip\u00f3 en una reuni\u00f3n llevada a cabo en la ciudad de M\u00e9xico, en la que se abord\u00f3 la posible implementaci\u00f3n de la Nueva ley Nacional para eliminar los tr\u00e1mites burocr\u00e1ticos. Este evento de car\u00e1cter nacional al que [&hellip;]<\/p>\n","protected":false},"author":3,"featured_media":849,"comment_status":"open","ping_status":"open","sticky":false,"template":"","format":"standard","meta":{"footnotes":""},"categories":[2,3],"tags":[],"class_list":["post-847","post","type-post","status-publish","format-standard","has-post-thumbnail","hentry","category-lens-noticias","category-locales"],"_links":{"self":[{"href":"https:\/\/lenstv.mx\/index.php\/wp-json\/wp\/v2\/posts\/847","targetHints":{"allow":["GET"]}}],"collection":[{"href":"https:\/\/lenstv.mx\/index.php\/wp-json\/wp\/v2\/posts"}],"about":[{"href":"https:\/\/lenstv.mx\/index.php\/wp-json\/wp\/v2\/types\/post"}],"author":[{"embeddable":true,"href":"https:\/\/lenstv.mx\/index.php\/wp-json\/wp\/v2\/users\/3"}],"replies":[{"embeddable":true,"href":"https:\/\/lenstv.mx\/index.php\/wp-json\/wp\/v2\/comments?post=847"}],"version-history":[{"count":1,"href":"https:\/\/lenstv.mx\/index.php\/wp-json\/wp\/v2\/posts\/847\/revisions"}],"predecessor-version":[{"id":851,"href":"https:\/\/lenstv.mx\/index.php\/wp-json\/wp\/v2\/posts\/847\/revisions\/851"}],"wp:featuredmedia":[{"embeddable":true,"href":"https:\/\/lenstv.mx\/index.php\/wp-json\/wp\/v2\/media\/849"}],"wp:attachment":[{"href":"https:\/\/lenstv.mx\/index.php\/wp-json\/wp\/v2\/media?parent=847"}],"wp:term":[{"taxonomy":"category","embeddable":true,"href":"https:\/\/lenstv.mx\/index.php\/wp-json\/wp\/v2\/categories?post=847"},{"taxonomy":"post_tag","embeddable":true,"href":"https:\/\/lenstv.mx\/index.php\/wp-json\/wp\/v2\/tags?post=847"}],"curies":[{"name":"wp","href":"https:\/\/api.w.org\/{rel}","templated":true}]}}