{"id":852,"date":"2025-11-20T03:36:50","date_gmt":"2025-11-20T03:36:50","guid":{"rendered":"https:\/\/lenstv.mx\/?p=852"},"modified":"2025-11-20T03:36:50","modified_gmt":"2025-11-20T03:36:50","slug":"presentan-programa-de-la-feria-estatal-de-la-virgen-en-su-edicion-2025","status":"publish","type":"post","link":"https:\/\/lenstv.mx\/index.php\/2025\/11\/20\/presentan-programa-de-la-feria-estatal-de-la-virgen-en-su-edicion-2025\/","title":{"rendered":"Presentan Programa de la Feria Estatal de la Virgen en su edici\u00f3n 2025"},"content":{"rendered":"<p>Un cartel incluyente para todos los gustos fue presentado esta ma\u00f1ana en conferencia de prensa llevada a cabo en el Instituto Municipal de Cultura, ubicado en el emblem\u00e1tico Jard\u00edn Ju\u00e1rez de Guadalupe, donde se dio a conocer el Programa Oficial de la Feria Estatal de la Virgen en su edici\u00f3n 2025.<\/p>\n<p>Pepe Sald\u00edvar, Presidente Municipal de Guadalupe, acompa\u00f1ado de su esposa Paulina Hern\u00e1ndez Ter\u00e1n, Presidenta Honorifica del Sistema DIF Guadalupe, Ra\u00fal Guerrero Ch\u00e1vez, Presidente del Comit\u00e9 Organizador y Yoltyc D\u00edaz, Directora de Cultura, invitaron a no olvidar que esta feria es patronal y es en honor a la Virgen de Guadalupe.<\/p>\n<p>\u201cVa ser un cartel muy variado en todos los sentidos, no solamente habr\u00e1 temas art\u00edsticos y musicales, sino tambi\u00e9n tendremos el corredor comercial, gastron\u00f3mico, agropecuario y lo principal, que no perdamos la m\u00edstica que es una feria patronal, en honor a nuestra Virgen de Guadalupe\u201d. Indic\u00f3.<\/p>\n<p><img loading=\"lazy\" decoding=\"async\" class=\"size-medium wp-image-853 aligncenter\" src=\"https:\/\/lenstv.mx\/wp-content\/uploads\/2025\/11\/WhatsApp-Image-2025-11-18-at-1.47.20-PM-300x197.jpeg\" alt=\"\" width=\"300\" height=\"197\" srcset=\"https:\/\/lenstv.mx\/wp-content\/uploads\/2025\/11\/WhatsApp-Image-2025-11-18-at-1.47.20-PM-300x197.jpeg 300w, https:\/\/lenstv.mx\/wp-content\/uploads\/2025\/11\/WhatsApp-Image-2025-11-18-at-1.47.20-PM-1024x671.jpeg 1024w, https:\/\/lenstv.mx\/wp-content\/uploads\/2025\/11\/WhatsApp-Image-2025-11-18-at-1.47.20-PM-768x503.jpeg 768w, https:\/\/lenstv.mx\/wp-content\/uploads\/2025\/11\/WhatsApp-Image-2025-11-18-at-1.47.20-PM.jpeg 1280w\" sizes=\"auto, (max-width: 300px) 100vw, 300px\" \/><\/p>\n<p>\u201cEscuchando a la gente llegamos a la conclusi\u00f3n de que este cartel es el indicado de acuerdo a las expresiones sociales, a las solicitudes y sugerencias del pueblo de Guadalupe y que tambi\u00e9n nos hacen llegar de otros municipios\u201d, mencion\u00f3 el primer edil.<\/p>\n<p>El cartel art\u00edstico qued\u00f3 integrado por Manuel Medrano, quien se presentar\u00e1 el viernes 05 de diciembre, el s\u00e1bado 06 se presenta Kabah, el domingo 07 se presentan Jumbo y Volov\u00e1n, el lunes 08 de diciembre, sonido la Changa y sonido los JRS, el martes 09 de diciembre en el baile del recuerdo se presentan Los Yonics y Los Freddy\u00b4s, el 10 de diciembre, Titanes de Durango, el jueves 11 se presentar\u00e1 el Mariachi Gama 1000, el s\u00e1bado 13 Cardenales de Nuevo Le\u00f3n y para cerrar las actividades art\u00edsticas el domingo 14 de diciembre se presenta Gera MX.<\/p>\n<p><img loading=\"lazy\" decoding=\"async\" class=\"size-medium wp-image-855 aligncenter\" src=\"https:\/\/lenstv.mx\/wp-content\/uploads\/2025\/11\/WhatsApp-Image-2025-11-18-at-11.59.20-AM-240x300.jpeg\" alt=\"\" width=\"240\" height=\"300\" srcset=\"https:\/\/lenstv.mx\/wp-content\/uploads\/2025\/11\/WhatsApp-Image-2025-11-18-at-11.59.20-AM-240x300.jpeg 240w, https:\/\/lenstv.mx\/wp-content\/uploads\/2025\/11\/WhatsApp-Image-2025-11-18-at-11.59.20-AM-819x1024.jpeg 819w, https:\/\/lenstv.mx\/wp-content\/uploads\/2025\/11\/WhatsApp-Image-2025-11-18-at-11.59.20-AM-768x960.jpeg 768w, https:\/\/lenstv.mx\/wp-content\/uploads\/2025\/11\/WhatsApp-Image-2025-11-18-at-11.59.20-AM-1229x1536.jpeg 1229w, https:\/\/lenstv.mx\/wp-content\/uploads\/2025\/11\/WhatsApp-Image-2025-11-18-at-11.59.20-AM-1024x1280.jpeg 1024w, https:\/\/lenstv.mx\/wp-content\/uploads\/2025\/11\/WhatsApp-Image-2025-11-18-at-11.59.20-AM.jpeg 1280w\" sizes=\"auto, (max-width: 240px) 100vw, 240px\" \/><\/p>\n<p>Asimismo, se instalar\u00e1n corredor artesanal, gastron\u00f3mico y comercial la feria del empleo y el pabell\u00f3n agroindustrial, al ser una feria patronal, el Convento Franciscano llevar\u00e1 a cabo el 11 de diciembre las Tradicionales Ma\u00f1anitas realizadas desde 1985.<\/p>\n<p>En las actividades deportivas se realizar\u00e1 el torneo de Tiro con Arco, la Expo Canina y la Tradicional Charreada de la Virgen, para las familias habr\u00e1 Shows Infantiles y para quienes buscan algo cultural se llevar\u00e1n a cabo exposiciones temporales en el Museo de Guadalupe y recorridos tur\u00edsticos que nos acercar\u00e1n a la historia del municipio.<\/p>\n<p>Finalmente, cabe se\u00f1alar, que Pepe Sald\u00edvar destac\u00f3 que se tendr\u00e1 la coordinaci\u00f3n interinstitucional con todos los \u00f3rdenes de gobierno, con todas las dependencia estatales y federales para que la log\u00edstica se propia y adecuada, \u201cpara que las familias puedan venir con alegr\u00eda, porque es muy bonito ver a las familias completas\u201d.<\/p>\n<p>Aqu\u00ed m\u00e1s detalles :<\/p>\n<p><iframe loading=\"lazy\"  id=\"_ytid_58601\"  width=\"640\" height=\"360\"  data-origwidth=\"640\" data-origheight=\"360\" src=\"https:\/\/www.youtube.com\/embed\/zo7Z3RP64hY?enablejsapi=1&#038;autoplay=0&#038;cc_load_policy=0&#038;cc_lang_pref=&#038;iv_load_policy=1&#038;loop=0&#038;rel=1&#038;fs=1&#038;playsinline=0&#038;autohide=2&#038;theme=dark&#038;color=red&#038;controls=1&#038;disablekb=0&#038;\" class=\"__youtube_prefs__  epyt-is-override  no-lazyload\" title=\"YouTube player\"  allow=\"fullscreen; accelerometer; autoplay; clipboard-write; encrypted-media; gyroscope; picture-in-picture; web-share\" referrerpolicy=\"strict-origin-when-cross-origin\" allowfullscreen data-no-lazy=\"1\" data-skipgform_ajax_framebjll=\"\"><\/iframe><\/p>\n","protected":false},"excerpt":{"rendered":"<p>Un cartel incluyente para todos los gustos fue presentado esta ma\u00f1ana en conferencia de prensa llevada a cabo en el Instituto Municipal de Cultura, ubicado en el emblem\u00e1tico Jard\u00edn Ju\u00e1rez de Guadalupe, donde se dio a conocer el Programa Oficial de la Feria Estatal de la Virgen en su edici\u00f3n 2025. Pepe Sald\u00edvar, Presidente Municipal [&hellip;]<\/p>\n","protected":false},"author":3,"featured_media":854,"comment_status":"open","ping_status":"open","sticky":false,"template":"","format":"standard","meta":{"footnotes":""},"categories":[1],"tags":[],"class_list":["post-852","post","type-post","status-publish","format-standard","has-post-thumbnail","hentry","category-varias"],"_links":{"self":[{"href":"https:\/\/lenstv.mx\/index.php\/wp-json\/wp\/v2\/posts\/852","targetHints":{"allow":["GET"]}}],"collection":[{"href":"https:\/\/lenstv.mx\/index.php\/wp-json\/wp\/v2\/posts"}],"about":[{"href":"https:\/\/lenstv.mx\/index.php\/wp-json\/wp\/v2\/types\/post"}],"author":[{"embeddable":true,"href":"https:\/\/lenstv.mx\/index.php\/wp-json\/wp\/v2\/users\/3"}],"replies":[{"embeddable":true,"href":"https:\/\/lenstv.mx\/index.php\/wp-json\/wp\/v2\/comments?post=852"}],"version-history":[{"count":1,"href":"https:\/\/lenstv.mx\/index.php\/wp-json\/wp\/v2\/posts\/852\/revisions"}],"predecessor-version":[{"id":856,"href":"https:\/\/lenstv.mx\/index.php\/wp-json\/wp\/v2\/posts\/852\/revisions\/856"}],"wp:featuredmedia":[{"embeddable":true,"href":"https:\/\/lenstv.mx\/index.php\/wp-json\/wp\/v2\/media\/854"}],"wp:attachment":[{"href":"https:\/\/lenstv.mx\/index.php\/wp-json\/wp\/v2\/media?parent=852"}],"wp:term":[{"taxonomy":"category","embeddable":true,"href":"https:\/\/lenstv.mx\/index.php\/wp-json\/wp\/v2\/categories?post=852"},{"taxonomy":"post_tag","embeddable":true,"href":"https:\/\/lenstv.mx\/index.php\/wp-json\/wp\/v2\/tags?post=852"}],"curies":[{"name":"wp","href":"https:\/\/api.w.org\/{rel}","templated":true}]}}