{"id":857,"date":"2025-11-20T03:57:17","date_gmt":"2025-11-20T03:57:17","guid":{"rendered":"https:\/\/lenstv.mx\/?p=857"},"modified":"2025-11-20T03:57:17","modified_gmt":"2025-11-20T03:57:17","slug":"impulsa-dif-capital-cursos-de-panaderia-fomentando-el-auto-empleo-en-colonias-y-comunidades","status":"publish","type":"post","link":"https:\/\/lenstv.mx\/index.php\/2025\/11\/20\/impulsa-dif-capital-cursos-de-panaderia-fomentando-el-auto-empleo-en-colonias-y-comunidades\/","title":{"rendered":"IMPULSA DIF CAPITAL CURSOS DE PANADER\u00cdA FOMENTANDO EL AUTO EMPLEO EN COLONIAS Y COMUNIDADES"},"content":{"rendered":"<p>El Ayuntamiento de Zacatecas, a trav\u00e9s del DIF Municipal, contin\u00faa fortaleciendo la econom\u00eda familiar mediante la promoci\u00f3n de talleres de autoempleo. Bajo la visi\u00f3n del alcalde Miguel Varela y la direcci\u00f3n de la presidenta honor\u00edfica del DIF, Karla Estrada, se han impulsado constantemente cursos que buscan generar nuevas fuentes de ingresos para las familias capitalinas.<\/p>\n<p>Uno de los talleres con mayor impacto y demanda es el de panader\u00eda. Recientemente, estas clases se impartieron con \u00e9xito en centros sociales como las instalaciones del propio DIF y la colonia Felipe \u00c1ngeles.<\/p>\n<p><img loading=\"lazy\" decoding=\"async\" class=\"size-medium wp-image-859 aligncenter\" src=\"https:\/\/lenstv.mx\/wp-content\/uploads\/2025\/11\/WhatsApp-Image-2025-11-18-at-12.44.08-PM-300x225.jpeg\" alt=\"\" width=\"300\" height=\"225\" srcset=\"https:\/\/lenstv.mx\/wp-content\/uploads\/2025\/11\/WhatsApp-Image-2025-11-18-at-12.44.08-PM-300x225.jpeg 300w, https:\/\/lenstv.mx\/wp-content\/uploads\/2025\/11\/WhatsApp-Image-2025-11-18-at-12.44.08-PM-1024x768.jpeg 1024w, https:\/\/lenstv.mx\/wp-content\/uploads\/2025\/11\/WhatsApp-Image-2025-11-18-at-12.44.08-PM-768x576.jpeg 768w, https:\/\/lenstv.mx\/wp-content\/uploads\/2025\/11\/WhatsApp-Image-2025-11-18-at-12.44.08-PM-1536x1152.jpeg 1536w, https:\/\/lenstv.mx\/wp-content\/uploads\/2025\/11\/WhatsApp-Image-2025-11-18-at-12.44.08-PM.jpeg 1600w\" sizes=\"auto, (max-width: 300px) 100vw, 300px\" \/><\/p>\n<p>El objetivo principal es dotar a los participantes de una habilidad productiva y vers\u00e1til. La elaboraci\u00f3n de pan es una actividad bien socorrida a lo largo de todo el a\u00f1o, ofreciendo una fuente de ingresos constante y flexible.<\/p>\n<p>Durante la m\u00e1s reciente temporada de D\u00eda de Muertos, los alumnos pusieron en pr\u00e1ctica lo aprendido preparando los tradicionales y solicitados panes de muerto, lo que les permiti\u00f3 generar ingresos inmediatos. La intenci\u00f3n es que, al culminar los cursos, las familias puedan mantener un flujo de ingresos continuo, aprovechando la alta demanda de productos de panader\u00eda en diferentes \u00e9pocas festivas y en la cotidianidad.<\/p>\n<p>La iniciativa se mantiene activa de manera constante durante todo el a\u00f1o, bajo la direcci\u00f3n de Mitzia Pel\u00e1ez, directora de DIF Capital.<\/p>\n<p><img loading=\"lazy\" decoding=\"async\" class=\"size-medium wp-image-860 aligncenter\" src=\"https:\/\/lenstv.mx\/wp-content\/uploads\/2025\/11\/WhatsApp-Image-2025-11-18-at-12.44.09-PM-300x225.jpeg\" alt=\"\" width=\"300\" height=\"225\" srcset=\"https:\/\/lenstv.mx\/wp-content\/uploads\/2025\/11\/WhatsApp-Image-2025-11-18-at-12.44.09-PM-300x225.jpeg 300w, https:\/\/lenstv.mx\/wp-content\/uploads\/2025\/11\/WhatsApp-Image-2025-11-18-at-12.44.09-PM-1024x768.jpeg 1024w, https:\/\/lenstv.mx\/wp-content\/uploads\/2025\/11\/WhatsApp-Image-2025-11-18-at-12.44.09-PM-768x576.jpeg 768w, https:\/\/lenstv.mx\/wp-content\/uploads\/2025\/11\/WhatsApp-Image-2025-11-18-at-12.44.09-PM-1536x1152.jpeg 1536w, https:\/\/lenstv.mx\/wp-content\/uploads\/2025\/11\/WhatsApp-Image-2025-11-18-at-12.44.09-PM.jpeg 1600w\" sizes=\"auto, (max-width: 300px) 100vw, 300px\" \/><\/p>\n<p>Dichos cursos son impartidos por el titular de centros sociales, Juan Pablo Silva, quien ha guiado a los participantes en el desarrollo de t\u00e9cnicas que les permiten emprender su propio negocio desde casa o complementar sus ingresos actuales.<\/p>\n<p>La presidenta honor\u00edfica del DIF, Karla Estrada, ha destacado la importancia de estos programas como una herramienta de empoderamiento econ\u00f3mico, alineada con el compromiso del alcalde Miguel Varela de construir un Zacatecas donde las familias tengan mayores oportunidades de desarrollo y bienestar.<\/p>\n","protected":false},"excerpt":{"rendered":"<p>El Ayuntamiento de Zacatecas, a trav\u00e9s del DIF Municipal, contin\u00faa fortaleciendo la econom\u00eda familiar mediante la promoci\u00f3n de talleres de autoempleo. Bajo la visi\u00f3n del alcalde Miguel Varela y la direcci\u00f3n de la presidenta honor\u00edfica del DIF, Karla Estrada, se han impulsado constantemente cursos que buscan generar nuevas fuentes de ingresos para las familias capitalinas. [&hellip;]<\/p>\n","protected":false},"author":3,"featured_media":858,"comment_status":"open","ping_status":"open","sticky":false,"template":"","format":"standard","meta":{"footnotes":""},"categories":[3],"tags":[],"class_list":["post-857","post","type-post","status-publish","format-standard","has-post-thumbnail","hentry","category-locales"],"_links":{"self":[{"href":"https:\/\/lenstv.mx\/index.php\/wp-json\/wp\/v2\/posts\/857","targetHints":{"allow":["GET"]}}],"collection":[{"href":"https:\/\/lenstv.mx\/index.php\/wp-json\/wp\/v2\/posts"}],"about":[{"href":"https:\/\/lenstv.mx\/index.php\/wp-json\/wp\/v2\/types\/post"}],"author":[{"embeddable":true,"href":"https:\/\/lenstv.mx\/index.php\/wp-json\/wp\/v2\/users\/3"}],"replies":[{"embeddable":true,"href":"https:\/\/lenstv.mx\/index.php\/wp-json\/wp\/v2\/comments?post=857"}],"version-history":[{"count":1,"href":"https:\/\/lenstv.mx\/index.php\/wp-json\/wp\/v2\/posts\/857\/revisions"}],"predecessor-version":[{"id":861,"href":"https:\/\/lenstv.mx\/index.php\/wp-json\/wp\/v2\/posts\/857\/revisions\/861"}],"wp:featuredmedia":[{"embeddable":true,"href":"https:\/\/lenstv.mx\/index.php\/wp-json\/wp\/v2\/media\/858"}],"wp:attachment":[{"href":"https:\/\/lenstv.mx\/index.php\/wp-json\/wp\/v2\/media?parent=857"}],"wp:term":[{"taxonomy":"category","embeddable":true,"href":"https:\/\/lenstv.mx\/index.php\/wp-json\/wp\/v2\/categories?post=857"},{"taxonomy":"post_tag","embeddable":true,"href":"https:\/\/lenstv.mx\/index.php\/wp-json\/wp\/v2\/tags?post=857"}],"curies":[{"name":"wp","href":"https:\/\/api.w.org\/{rel}","templated":true}]}}