{"id":862,"date":"2025-11-20T04:33:15","date_gmt":"2025-11-20T04:33:15","guid":{"rendered":"https:\/\/lenstv.mx\/?p=862"},"modified":"2025-11-20T04:33:15","modified_gmt":"2025-11-20T04:33:15","slug":"concierto-acustico-velada-zacatecana-voces-que-iluminan-el-recuerdo","status":"publish","type":"post","link":"https:\/\/lenstv.mx\/index.php\/2025\/11\/20\/concierto-acustico-velada-zacatecana-voces-que-iluminan-el-recuerdo\/","title":{"rendered":"Concierto ac\u00fastico Velada Zacatecana \u00abVoces que iluminan el recuerdo\u00bb"},"content":{"rendered":"<p>Este fue el Concierto ac\u00fastico Velada Zacatecana \u00abVoces que iluminan el recuerdo\u00bb, con la participaci\u00f3n de Sara Ortiz, Gabriel Jim\u00e9nez, Nora Garamendi, Marisol Palag\u00f3t y Maria Le\u00f3n, bajo la direcci\u00f3n musical del Mtro. Jos\u00e9 Antonio Hern\u00e1ndez. \ud83d\udc4f\ud83c\udffb<\/p>\n<p><img loading=\"lazy\" decoding=\"async\" class=\"size-medium wp-image-863 aligncenter\" src=\"https:\/\/lenstv.mx\/wp-content\/uploads\/2025\/11\/WhatsApp-Image-2025-11-01-at-10.18.38-PM-300x200.jpeg\" alt=\"\" width=\"300\" height=\"200\" srcset=\"https:\/\/lenstv.mx\/wp-content\/uploads\/2025\/11\/WhatsApp-Image-2025-11-01-at-10.18.38-PM-300x200.jpeg 300w, https:\/\/lenstv.mx\/wp-content\/uploads\/2025\/11\/WhatsApp-Image-2025-11-01-at-10.18.38-PM-1024x683.jpeg 1024w, https:\/\/lenstv.mx\/wp-content\/uploads\/2025\/11\/WhatsApp-Image-2025-11-01-at-10.18.38-PM-768x512.jpeg 768w, https:\/\/lenstv.mx\/wp-content\/uploads\/2025\/11\/WhatsApp-Image-2025-11-01-at-10.18.38-PM-1536x1024.jpeg 1536w, https:\/\/lenstv.mx\/wp-content\/uploads\/2025\/11\/WhatsApp-Image-2025-11-01-at-10.18.38-PM-2048x1366.jpeg 2048w\" sizes=\"auto, (max-width: 300px) 100vw, 300px\" \/><\/p>\n<p><img loading=\"lazy\" decoding=\"async\" class=\"size-medium wp-image-865 aligncenter\" src=\"https:\/\/lenstv.mx\/wp-content\/uploads\/2025\/11\/WhatsApp-Image-2025-11-01-at-11.20.04-PM-300x200.jpeg\" alt=\"\" width=\"300\" height=\"200\" srcset=\"https:\/\/lenstv.mx\/wp-content\/uploads\/2025\/11\/WhatsApp-Image-2025-11-01-at-11.20.04-PM-300x200.jpeg 300w, https:\/\/lenstv.mx\/wp-content\/uploads\/2025\/11\/WhatsApp-Image-2025-11-01-at-11.20.04-PM-1024x683.jpeg 1024w, https:\/\/lenstv.mx\/wp-content\/uploads\/2025\/11\/WhatsApp-Image-2025-11-01-at-11.20.04-PM-768x512.jpeg 768w, https:\/\/lenstv.mx\/wp-content\/uploads\/2025\/11\/WhatsApp-Image-2025-11-01-at-11.20.04-PM-1536x1024.jpeg 1536w, https:\/\/lenstv.mx\/wp-content\/uploads\/2025\/11\/WhatsApp-Image-2025-11-01-at-11.20.04-PM-2048x1366.jpeg 2048w\" sizes=\"auto, (max-width: 300px) 100vw, 300px\" \/><\/p>\n<p>&nbsp;<\/p>\n<p>#FDDMZacatecas2025 #A\u00f1oDeLaPaz #PazEsBienestar #SomosTradiciones<\/p>\n<p>Las talentosas del Colectivo de Arte y M\u00fasica Snowapple, presentaron el espect\u00e1culo \u201cShe\u201d en Plaza de Armas.<\/p>\n<p><img loading=\"lazy\" decoding=\"async\" class=\"alignnone size-medium wp-image-866\" src=\"https:\/\/lenstv.mx\/wp-content\/uploads\/2025\/11\/WhatsApp-Image-2025-11-01-at-11.20.10-PM-300x200.jpeg\" alt=\"\" width=\"300\" height=\"200\" srcset=\"https:\/\/lenstv.mx\/wp-content\/uploads\/2025\/11\/WhatsApp-Image-2025-11-01-at-11.20.10-PM-300x200.jpeg 300w, https:\/\/lenstv.mx\/wp-content\/uploads\/2025\/11\/WhatsApp-Image-2025-11-01-at-11.20.10-PM-1024x683.jpeg 1024w, https:\/\/lenstv.mx\/wp-content\/uploads\/2025\/11\/WhatsApp-Image-2025-11-01-at-11.20.10-PM-768x512.jpeg 768w, https:\/\/lenstv.mx\/wp-content\/uploads\/2025\/11\/WhatsApp-Image-2025-11-01-at-11.20.10-PM-1536x1024.jpeg 1536w, https:\/\/lenstv.mx\/wp-content\/uploads\/2025\/11\/WhatsApp-Image-2025-11-01-at-11.20.10-PM-2048x1366.jpeg 2048w\" sizes=\"auto, (max-width: 300px) 100vw, 300px\" \/><img loading=\"lazy\" decoding=\"async\" class=\"alignnone size-medium wp-image-867\" src=\"https:\/\/lenstv.mx\/wp-content\/uploads\/2025\/11\/WhatsApp-Image-2025-11-01-at-11.20.23-PM-300x200.jpeg\" alt=\"\" width=\"300\" height=\"200\" srcset=\"https:\/\/lenstv.mx\/wp-content\/uploads\/2025\/11\/WhatsApp-Image-2025-11-01-at-11.20.23-PM-300x200.jpeg 300w, https:\/\/lenstv.mx\/wp-content\/uploads\/2025\/11\/WhatsApp-Image-2025-11-01-at-11.20.23-PM-1024x683.jpeg 1024w, https:\/\/lenstv.mx\/wp-content\/uploads\/2025\/11\/WhatsApp-Image-2025-11-01-at-11.20.23-PM-768x512.jpeg 768w, https:\/\/lenstv.mx\/wp-content\/uploads\/2025\/11\/WhatsApp-Image-2025-11-01-at-11.20.23-PM-1536x1024.jpeg 1536w, https:\/\/lenstv.mx\/wp-content\/uploads\/2025\/11\/WhatsApp-Image-2025-11-01-at-11.20.23-PM-2048x1366.jpeg 2048w\" sizes=\"auto, (max-width: 300px) 100vw, 300px\" \/><\/p>\n<p>&nbsp;<\/p>\n","protected":false},"excerpt":{"rendered":"<p>Este fue el Concierto ac\u00fastico Velada Zacatecana \u00abVoces que iluminan el recuerdo\u00bb, con la participaci\u00f3n de Sara Ortiz, Gabriel Jim\u00e9nez, Nora Garamendi, Marisol Palag\u00f3t y Maria Le\u00f3n, bajo la direcci\u00f3n musical del Mtro. Jos\u00e9 Antonio Hern\u00e1ndez. \ud83d\udc4f\ud83c\udffb &nbsp; #FDDMZacatecas2025 #A\u00f1oDeLaPaz #PazEsBienestar #SomosTradiciones Las talentosas del Colectivo de Arte y M\u00fasica Snowapple, presentaron el espect\u00e1culo \u201cShe\u201d [&hellip;]<\/p>\n","protected":false},"author":3,"featured_media":864,"comment_status":"open","ping_status":"open","sticky":false,"template":"","format":"standard","meta":{"footnotes":""},"categories":[45,6],"tags":[],"class_list":["post-862","post","type-post","status-publish","format-standard","has-post-thumbnail","hentry","category-arte-y-cultura","category-espectaculos"],"_links":{"self":[{"href":"https:\/\/lenstv.mx\/index.php\/wp-json\/wp\/v2\/posts\/862","targetHints":{"allow":["GET"]}}],"collection":[{"href":"https:\/\/lenstv.mx\/index.php\/wp-json\/wp\/v2\/posts"}],"about":[{"href":"https:\/\/lenstv.mx\/index.php\/wp-json\/wp\/v2\/types\/post"}],"author":[{"embeddable":true,"href":"https:\/\/lenstv.mx\/index.php\/wp-json\/wp\/v2\/users\/3"}],"replies":[{"embeddable":true,"href":"https:\/\/lenstv.mx\/index.php\/wp-json\/wp\/v2\/comments?post=862"}],"version-history":[{"count":1,"href":"https:\/\/lenstv.mx\/index.php\/wp-json\/wp\/v2\/posts\/862\/revisions"}],"predecessor-version":[{"id":868,"href":"https:\/\/lenstv.mx\/index.php\/wp-json\/wp\/v2\/posts\/862\/revisions\/868"}],"wp:featuredmedia":[{"embeddable":true,"href":"https:\/\/lenstv.mx\/index.php\/wp-json\/wp\/v2\/media\/864"}],"wp:attachment":[{"href":"https:\/\/lenstv.mx\/index.php\/wp-json\/wp\/v2\/media?parent=862"}],"wp:term":[{"taxonomy":"category","embeddable":true,"href":"https:\/\/lenstv.mx\/index.php\/wp-json\/wp\/v2\/categories?post=862"},{"taxonomy":"post_tag","embeddable":true,"href":"https:\/\/lenstv.mx\/index.php\/wp-json\/wp\/v2\/tags?post=862"}],"curies":[{"name":"wp","href":"https:\/\/api.w.org\/{rel}","templated":true}]}}