{"id":886,"date":"2025-11-26T18:39:13","date_gmt":"2025-11-26T18:39:13","guid":{"rendered":"https:\/\/lenstv.mx\/?p=886"},"modified":"2025-11-26T18:39:13","modified_gmt":"2025-11-26T18:39:13","slug":"eufrosina-cruz-imparte-magistral-conferencia-por-la-eliminacion-de-la-violencia-en-la-capital","status":"publish","type":"post","link":"https:\/\/lenstv.mx\/index.php\/2025\/11\/26\/eufrosina-cruz-imparte-magistral-conferencia-por-la-eliminacion-de-la-violencia-en-la-capital\/","title":{"rendered":"EUFROSINA CRUZ IMPARTE MAGISTRAL CONFERENCIA POR LA ELIMINACI\u00d3N DE LA VIOLENCIA EN LA CAPITAL"},"content":{"rendered":"<p>En el marco del D\u00eda Internacional de la Eliminaci\u00f3n de la Violencia contra las Mujeres, el Ayuntamiento de Zacatecas, a trav\u00e9s del Instituto Municipal de las Mujeres Zacatecanas para la Igualdad (INMUZAI), bajo la visi\u00f3n del alcalde Miguel Varela, realiz\u00f3 una trascendental conferencia magistral impartida por la destacada activista y defensora de los derechos de las ni\u00f1as, ni\u00f1os y mujeres de los pueblos originarios, Eufrosina Cruz.<\/p>\n<p>Ante un hist\u00f3rico Teatro Calder\u00f3n, la maestra Cruz ofreci\u00f3 la conferencia \u201cEquidad de g\u00e9nero y erradicaci\u00f3n de la violencia contra las mujeres\u201d, compartiendo su poderosa historia de vida: los desaf\u00edos que enfrent\u00f3 desde ni\u00f1a para salir de su comunidad en Oaxaca y no ser parte de las estad\u00edsticas de matrimonio infantil.<\/p>\n<p>\u201cPorque las ni\u00f1as no son esposas, ni propiedad de nadie\u201d, enfatiz\u00f3, al narrar c\u00f3mo logr\u00f3 desarrollar una carrera profesional y una vida en libertad, abriendo las puertas a la participaci\u00f3n pol\u00edtica de las mujeres.<\/p>\n<p><img loading=\"lazy\" decoding=\"async\" class=\"alignnone size-medium wp-image-887\" src=\"https:\/\/lenstv.mx\/wp-content\/uploads\/2025\/11\/WhatsApp-Image-2025-11-25-at-2.42.53-PM-300x200.jpeg\" alt=\"\" width=\"300\" height=\"200\" srcset=\"https:\/\/lenstv.mx\/wp-content\/uploads\/2025\/11\/WhatsApp-Image-2025-11-25-at-2.42.53-PM-300x200.jpeg 300w, https:\/\/lenstv.mx\/wp-content\/uploads\/2025\/11\/WhatsApp-Image-2025-11-25-at-2.42.53-PM-1024x683.jpeg 1024w, https:\/\/lenstv.mx\/wp-content\/uploads\/2025\/11\/WhatsApp-Image-2025-11-25-at-2.42.53-PM-768x512.jpeg 768w, https:\/\/lenstv.mx\/wp-content\/uploads\/2025\/11\/WhatsApp-Image-2025-11-25-at-2.42.53-PM.jpeg 1040w\" sizes=\"auto, (max-width: 300px) 100vw, 300px\" \/> <img loading=\"lazy\" decoding=\"async\" class=\"alignnone size-medium wp-image-889\" src=\"https:\/\/lenstv.mx\/wp-content\/uploads\/2025\/11\/WhatsApp-Image-2025-11-26-at-10.11.20-AM-1-300x200.jpeg\" alt=\"\" width=\"300\" height=\"200\" srcset=\"https:\/\/lenstv.mx\/wp-content\/uploads\/2025\/11\/WhatsApp-Image-2025-11-26-at-10.11.20-AM-1-300x200.jpeg 300w, https:\/\/lenstv.mx\/wp-content\/uploads\/2025\/11\/WhatsApp-Image-2025-11-26-at-10.11.20-AM-1-1024x683.jpeg 1024w, https:\/\/lenstv.mx\/wp-content\/uploads\/2025\/11\/WhatsApp-Image-2025-11-26-at-10.11.20-AM-1-768x512.jpeg 768w, https:\/\/lenstv.mx\/wp-content\/uploads\/2025\/11\/WhatsApp-Image-2025-11-26-at-10.11.20-AM-1.jpeg 1280w\" sizes=\"auto, (max-width: 300px) 100vw, 300px\" \/><\/p>\n<p>La activista comparti\u00f3 que su lucha se ejerce a trav\u00e9s \u201cdel poder de la palabra\u201d, e hizo un llamado urgente a las y los asistentes a nombrar las violencias en todas sus vertientes y dejar de normalizarlas.<\/p>\n<p>La directora del INMUZAI, Georgina Alejandra Arce Ram\u00edrez, inici\u00f3 el evento destacando la importancia de visibilizar las diversas vertientes de la violencia y reconociendo en Eufrosina Cruz un ejemplo de vida que ha tenido que romper m\u00faltiples paradigmas. \u201cEs una persona que es un ejemplo de vida y que si ella pudo, cualquiera de nosotros podemos hacerlo. Por eso invitamos a cada uno a que aproveche esta conferencia al m\u00e1ximo\u201d, se\u00f1al\u00f3 la directora Arce<\/p>\n<p><img loading=\"lazy\" decoding=\"async\" class=\"size-medium wp-image-888 aligncenter\" src=\"https:\/\/lenstv.mx\/wp-content\/uploads\/2025\/11\/WhatsApp-Image-2025-11-26-at-10.11.19-AM-300x200.jpeg\" alt=\"\" width=\"300\" height=\"200\" srcset=\"https:\/\/lenstv.mx\/wp-content\/uploads\/2025\/11\/WhatsApp-Image-2025-11-26-at-10.11.19-AM-300x200.jpeg 300w, https:\/\/lenstv.mx\/wp-content\/uploads\/2025\/11\/WhatsApp-Image-2025-11-26-at-10.11.19-AM-1024x682.jpeg 1024w, https:\/\/lenstv.mx\/wp-content\/uploads\/2025\/11\/WhatsApp-Image-2025-11-26-at-10.11.19-AM-768x512.jpeg 768w, https:\/\/lenstv.mx\/wp-content\/uploads\/2025\/11\/WhatsApp-Image-2025-11-26-at-10.11.19-AM-1536x1023.jpeg 1536w, https:\/\/lenstv.mx\/wp-content\/uploads\/2025\/11\/WhatsApp-Image-2025-11-26-at-10.11.19-AM.jpeg 1600w\" sizes=\"auto, (max-width: 300px) 100vw, 300px\" \/><\/p>\n<p>El alcalde Miguel Varela reconoci\u00f3 el gran trabajo y el gran ejemplo que representa Eufrosina Cruz, en una historia de vida llena de lucha y empoderamiento femenino. En su mensaje, el edil pidi\u00f3 que este tipo de mensajes lleguen a quienes hoy m\u00e1s lo requieren en la construcci\u00f3n de una sociedad m\u00e1s justa y equitativa.<\/p>\n<p>Durante su intervenci\u00f3n, Eufrosina Cruz reconoci\u00f3 la labor que impulsa el alcalde Varela con acciones como esta, que visibilizan los diferentes tipos de violencia y van \u201cmucho m\u00e1s all\u00e1 del cemento que la ciudadan\u00eda a veces quiere ver\u201d. La activista se\u00f1al\u00f3 que lo m\u00e1s importante es cambiar de ra\u00edz mentalidades y vidas a trav\u00e9s de informaci\u00f3n relevante como la presentada, especialmente en un d\u00eda tan emblem\u00e1tico.<\/p>\n<p><img loading=\"lazy\" decoding=\"async\" class=\"size-medium wp-image-890 aligncenter\" src=\"https:\/\/lenstv.mx\/wp-content\/uploads\/2025\/11\/WhatsApp-Image-2025-11-26-at-10.11.20-AM-2-300x200.jpeg\" alt=\"\" width=\"300\" height=\"200\" srcset=\"https:\/\/lenstv.mx\/wp-content\/uploads\/2025\/11\/WhatsApp-Image-2025-11-26-at-10.11.20-AM-2-300x200.jpeg 300w, https:\/\/lenstv.mx\/wp-content\/uploads\/2025\/11\/WhatsApp-Image-2025-11-26-at-10.11.20-AM-2-1024x682.jpeg 1024w, https:\/\/lenstv.mx\/wp-content\/uploads\/2025\/11\/WhatsApp-Image-2025-11-26-at-10.11.20-AM-2-768x512.jpeg 768w, https:\/\/lenstv.mx\/wp-content\/uploads\/2025\/11\/WhatsApp-Image-2025-11-26-at-10.11.20-AM-2-1536x1023.jpeg 1536w, https:\/\/lenstv.mx\/wp-content\/uploads\/2025\/11\/WhatsApp-Image-2025-11-26-at-10.11.20-AM-2.jpeg 1600w\" sizes=\"auto, (max-width: 300px) 100vw, 300px\" \/><\/p>\n<p>La maestra Cruz, quien fuera compa\u00f1era de trabajo del alcalde Varela en el Congreso de San L\u00e1zaro, concluy\u00f3 con un profundo agradecimiento por el abrazo que se le ha dado \u00aba los sue\u00f1os de la ni\u00f1a en la monta\u00f1a\u00bb, dejando un mensaje claro: la erradicaci\u00f3n de la violencia es un trabajo de todos los d\u00edas y no solo del 25 de noviembre.<\/p>\n","protected":false},"excerpt":{"rendered":"<p>En el marco del D\u00eda Internacional de la Eliminaci\u00f3n de la Violencia contra las Mujeres, el Ayuntamiento de Zacatecas, a trav\u00e9s del Instituto Municipal de las Mujeres Zacatecanas para la Igualdad (INMUZAI), bajo la visi\u00f3n del alcalde Miguel Varela, realiz\u00f3 una trascendental conferencia magistral impartida por la destacada activista y defensora de los derechos de [&hellip;]<\/p>\n","protected":false},"author":3,"featured_media":891,"comment_status":"open","ping_status":"open","sticky":false,"template":"","format":"standard","meta":{"footnotes":""},"categories":[2,3,4],"tags":[],"class_list":["post-886","post","type-post","status-publish","format-standard","has-post-thumbnail","hentry","category-lens-noticias","category-locales","category-nacionales"],"_links":{"self":[{"href":"https:\/\/lenstv.mx\/index.php\/wp-json\/wp\/v2\/posts\/886","targetHints":{"allow":["GET"]}}],"collection":[{"href":"https:\/\/lenstv.mx\/index.php\/wp-json\/wp\/v2\/posts"}],"about":[{"href":"https:\/\/lenstv.mx\/index.php\/wp-json\/wp\/v2\/types\/post"}],"author":[{"embeddable":true,"href":"https:\/\/lenstv.mx\/index.php\/wp-json\/wp\/v2\/users\/3"}],"replies":[{"embeddable":true,"href":"https:\/\/lenstv.mx\/index.php\/wp-json\/wp\/v2\/comments?post=886"}],"version-history":[{"count":1,"href":"https:\/\/lenstv.mx\/index.php\/wp-json\/wp\/v2\/posts\/886\/revisions"}],"predecessor-version":[{"id":892,"href":"https:\/\/lenstv.mx\/index.php\/wp-json\/wp\/v2\/posts\/886\/revisions\/892"}],"wp:featuredmedia":[{"embeddable":true,"href":"https:\/\/lenstv.mx\/index.php\/wp-json\/wp\/v2\/media\/891"}],"wp:attachment":[{"href":"https:\/\/lenstv.mx\/index.php\/wp-json\/wp\/v2\/media?parent=886"}],"wp:term":[{"taxonomy":"category","embeddable":true,"href":"https:\/\/lenstv.mx\/index.php\/wp-json\/wp\/v2\/categories?post=886"},{"taxonomy":"post_tag","embeddable":true,"href":"https:\/\/lenstv.mx\/index.php\/wp-json\/wp\/v2\/tags?post=886"}],"curies":[{"name":"wp","href":"https:\/\/api.w.org\/{rel}","templated":true}]}}