{"id":899,"date":"2025-12-02T21:56:50","date_gmt":"2025-12-02T21:56:50","guid":{"rendered":"https:\/\/lenstv.mx\/?p=899"},"modified":"2025-12-02T21:56:50","modified_gmt":"2025-12-02T21:56:50","slug":"reconoce-inegi-a-guadalupe-por-atlas-municipal-de-discapacidad","status":"publish","type":"post","link":"https:\/\/lenstv.mx\/index.php\/2025\/12\/02\/reconoce-inegi-a-guadalupe-por-atlas-municipal-de-discapacidad\/","title":{"rendered":"Reconoce INEGI a Guadalupe por Atlas municipal de discapacidad"},"content":{"rendered":"<p>El Municipio de Guadalupe fue reconocido a nivel nacional por el proyecto denominado \u201cAtlas Municipal de Discapacidad \u201cen el Quinto Foro de Estad\u00edstica y Geograf\u00eda para Estados y Municipios, herramientas para el Desarrollo, organizado por el Instituto Nacional de Estad\u00edstica y Geograf\u00eda INEGI, llevado a cabo este 27 y 28 de noviembre en la ciudad de Oaxaca.<\/p>\n<p>El proyecto denominado \u201cAtlas Municipal de Discapacidad\u201d el cual fue iniciativa del Presidente Municipal de Guadalupe Pepe Sald\u00edvar, fortalece la pol\u00edtica social en materia de derechos humanos e inclusi\u00f3n a grupos vulnerables y genera herramientas valiosas para mejorar la atenci\u00f3n a personas en situaci\u00f3n de discapacidad.<\/p>\n<p><img loading=\"lazy\" decoding=\"async\" class=\"alignnone  wp-image-902\" src=\"https:\/\/lenstv.mx\/wp-content\/uploads\/2025\/12\/WhatsApp-Image-2025-12-02-at-1.55.46-PM-300x200.jpeg\" alt=\"\" width=\"335\" height=\"223\" srcset=\"https:\/\/lenstv.mx\/wp-content\/uploads\/2025\/12\/WhatsApp-Image-2025-12-02-at-1.55.46-PM-300x200.jpeg 300w, https:\/\/lenstv.mx\/wp-content\/uploads\/2025\/12\/WhatsApp-Image-2025-12-02-at-1.55.46-PM-1024x682.jpeg 1024w, https:\/\/lenstv.mx\/wp-content\/uploads\/2025\/12\/WhatsApp-Image-2025-12-02-at-1.55.46-PM-768x512.jpeg 768w, https:\/\/lenstv.mx\/wp-content\/uploads\/2025\/12\/WhatsApp-Image-2025-12-02-at-1.55.46-PM-1536x1023.jpeg 1536w, https:\/\/lenstv.mx\/wp-content\/uploads\/2025\/12\/WhatsApp-Image-2025-12-02-at-1.55.46-PM.jpeg 1600w\" sizes=\"auto, (max-width: 335px) 100vw, 335px\" \/><img loading=\"lazy\" decoding=\"async\" class=\"alignnone size-medium wp-image-901\" src=\"https:\/\/lenstv.mx\/wp-content\/uploads\/2025\/12\/WhatsApp-Image-2025-12-02-at-1.55.46-PM-1-300x225.jpeg\" alt=\"\" width=\"300\" height=\"225\" srcset=\"https:\/\/lenstv.mx\/wp-content\/uploads\/2025\/12\/WhatsApp-Image-2025-12-02-at-1.55.46-PM-1-300x225.jpeg 300w, https:\/\/lenstv.mx\/wp-content\/uploads\/2025\/12\/WhatsApp-Image-2025-12-02-at-1.55.46-PM-1-1024x768.jpeg 1024w, https:\/\/lenstv.mx\/wp-content\/uploads\/2025\/12\/WhatsApp-Image-2025-12-02-at-1.55.46-PM-1-768x576.jpeg 768w, https:\/\/lenstv.mx\/wp-content\/uploads\/2025\/12\/WhatsApp-Image-2025-12-02-at-1.55.46-PM-1.jpeg 1280w\" sizes=\"auto, (max-width: 300px) 100vw, 300px\" \/><\/p>\n<p>El Secretario de Planeaci\u00f3n del Desarrollo Municipal, Federico Guzm\u00e1n L\u00f3pez, destac\u00f3 que este proyecto se implement\u00f3 por primera vez en el 2021 y tiene como objetivo sensibilizar a los servidores p\u00fablicos en cuanto a la inclusi\u00f3n de las personas en situaci\u00f3n de discapacidad.<\/p>\n<p>\u201cTan solo en Guadalupe Zacatecas contamos con m\u00e1s de 10 mil personas en esa condici\u00f3n, por lo que estamos buscando gradualmente su replicabilidad en los 58 municipios zacatecanos, los aprendizajes claves es tener en cuenta que cuando se hace un trabajo en equipo entre gobierno municipal, estatal y federal, mediante convenios, se logra que este tipo de iniciativas \u00fanicamente se les invierta talento y creatividad\u201d.<\/p>\n<p><img loading=\"lazy\" decoding=\"async\" class=\"alignnone size-medium wp-image-903\" src=\"https:\/\/lenstv.mx\/wp-content\/uploads\/2025\/12\/WhatsApp-Image-2025-12-02-at-1.55.47-PM-1-300x225.jpeg\" alt=\"\" width=\"300\" height=\"225\" srcset=\"https:\/\/lenstv.mx\/wp-content\/uploads\/2025\/12\/WhatsApp-Image-2025-12-02-at-1.55.47-PM-1-300x225.jpeg 300w, https:\/\/lenstv.mx\/wp-content\/uploads\/2025\/12\/WhatsApp-Image-2025-12-02-at-1.55.47-PM-1-1024x768.jpeg 1024w, https:\/\/lenstv.mx\/wp-content\/uploads\/2025\/12\/WhatsApp-Image-2025-12-02-at-1.55.47-PM-1-768x576.jpeg 768w, https:\/\/lenstv.mx\/wp-content\/uploads\/2025\/12\/WhatsApp-Image-2025-12-02-at-1.55.47-PM-1.jpeg 1280w\" sizes=\"auto, (max-width: 300px) 100vw, 300px\" \/><img loading=\"lazy\" decoding=\"async\" class=\"alignnone  wp-image-900\" src=\"https:\/\/lenstv.mx\/wp-content\/uploads\/2025\/12\/WhatsApp-Image-2025-12-02-at-1.55.45-PM-300x200.jpeg\" alt=\"\" width=\"335\" height=\"223\" srcset=\"https:\/\/lenstv.mx\/wp-content\/uploads\/2025\/12\/WhatsApp-Image-2025-12-02-at-1.55.45-PM-300x200.jpeg 300w, https:\/\/lenstv.mx\/wp-content\/uploads\/2025\/12\/WhatsApp-Image-2025-12-02-at-1.55.45-PM-1024x682.jpeg 1024w, https:\/\/lenstv.mx\/wp-content\/uploads\/2025\/12\/WhatsApp-Image-2025-12-02-at-1.55.45-PM-768x512.jpeg 768w, https:\/\/lenstv.mx\/wp-content\/uploads\/2025\/12\/WhatsApp-Image-2025-12-02-at-1.55.45-PM-1536x1023.jpeg 1536w, https:\/\/lenstv.mx\/wp-content\/uploads\/2025\/12\/WhatsApp-Image-2025-12-02-at-1.55.45-PM.jpeg 1600w\" sizes=\"auto, (max-width: 335px) 100vw, 335px\" \/><\/p>\n<p>Adicionalmente destac\u00f3 que el Atlas Municipal de Discapacidad se ha instrumentado con cero pesos de inversi\u00f3n \u00fanicamente con el acompa\u00f1amiento del INEGI y con el trabajo colaborativo de los servidores p\u00fablicos del gobierno municipal de Guadalupe.<\/p>\n<p>El Secretario de Planeaci\u00f3n anunci\u00f3 que las mejoras a futuro para este proyecto est\u00e1n centradas principalmente en potenciar la accesibilidad, para que le llegue a mayor poblaci\u00f3n en situaci\u00f3n de discapacidad y se trabajar\u00e1 para traducirlo a lengua de se\u00f1as mexicanas.<\/p>\n<p>Finalmente, cabe se\u00f1alar, que el Atlas Municipal de Discapacidad fue galardonado con la calificaci\u00f3n m\u00e1s alta por el Instituto Nacional para el Federalismo y el Desarrollo Municipal, de la Secretar\u00eda de Gobernaci\u00f3n del Gobierno de M\u00e9xico, por sus buenas pr\u00e1cticas municipales, y en Zacatecas es referente por tener el primer circuito de movilidad inclusiva contando con calles habilitadas con piso podo t\u00e1ctil y con se\u00f1al\u00e9tica en escritura braille en los nombre de las calles del centro de Guadalupe, entre muchas acciones m\u00e1s que ya son reconocidas dentro y fuera de Zacatecas y de M\u00e9xico en materia de inclusi\u00f3n.<\/p>\n","protected":false},"excerpt":{"rendered":"<p>El Municipio de Guadalupe fue reconocido a nivel nacional por el proyecto denominado \u201cAtlas Municipal de Discapacidad \u201cen el Quinto Foro de Estad\u00edstica y Geograf\u00eda para Estados y Municipios, herramientas para el Desarrollo, organizado por el Instituto Nacional de Estad\u00edstica y Geograf\u00eda INEGI, llevado a cabo este 27 y 28 de noviembre en la ciudad [&hellip;]<\/p>\n","protected":false},"author":3,"featured_media":904,"comment_status":"open","ping_status":"open","sticky":false,"template":"","format":"standard","meta":{"footnotes":""},"categories":[2,3],"tags":[],"class_list":["post-899","post","type-post","status-publish","format-standard","has-post-thumbnail","hentry","category-lens-noticias","category-locales"],"_links":{"self":[{"href":"https:\/\/lenstv.mx\/index.php\/wp-json\/wp\/v2\/posts\/899","targetHints":{"allow":["GET"]}}],"collection":[{"href":"https:\/\/lenstv.mx\/index.php\/wp-json\/wp\/v2\/posts"}],"about":[{"href":"https:\/\/lenstv.mx\/index.php\/wp-json\/wp\/v2\/types\/post"}],"author":[{"embeddable":true,"href":"https:\/\/lenstv.mx\/index.php\/wp-json\/wp\/v2\/users\/3"}],"replies":[{"embeddable":true,"href":"https:\/\/lenstv.mx\/index.php\/wp-json\/wp\/v2\/comments?post=899"}],"version-history":[{"count":1,"href":"https:\/\/lenstv.mx\/index.php\/wp-json\/wp\/v2\/posts\/899\/revisions"}],"predecessor-version":[{"id":905,"href":"https:\/\/lenstv.mx\/index.php\/wp-json\/wp\/v2\/posts\/899\/revisions\/905"}],"wp:featuredmedia":[{"embeddable":true,"href":"https:\/\/lenstv.mx\/index.php\/wp-json\/wp\/v2\/media\/904"}],"wp:attachment":[{"href":"https:\/\/lenstv.mx\/index.php\/wp-json\/wp\/v2\/media?parent=899"}],"wp:term":[{"taxonomy":"category","embeddable":true,"href":"https:\/\/lenstv.mx\/index.php\/wp-json\/wp\/v2\/categories?post=899"},{"taxonomy":"post_tag","embeddable":true,"href":"https:\/\/lenstv.mx\/index.php\/wp-json\/wp\/v2\/tags?post=899"}],"curies":[{"name":"wp","href":"https:\/\/api.w.org\/{rel}","templated":true}]}}