{"id":912,"date":"2025-12-03T20:09:43","date_gmt":"2025-12-03T20:09:43","guid":{"rendered":"https:\/\/lenstv.mx\/?p=912"},"modified":"2025-12-03T20:09:43","modified_gmt":"2025-12-03T20:09:43","slug":"alex-ubago-vuelve-a-mexico-para-celebrar-los-25-anos-de-que-pides-tu-con-una-gira-cargada-de-nostalgia","status":"publish","type":"post","link":"https:\/\/lenstv.mx\/index.php\/2025\/12\/03\/alex-ubago-vuelve-a-mexico-para-celebrar-los-25-anos-de-que-pides-tu-con-una-gira-cargada-de-nostalgia\/","title":{"rendered":"ALEX UBAGO VUELVE A M\u00c9XICO PARA CELEBRAR LOS 25 A\u00d1OS DE \u201c\u00bfQU\u00c9 PIDES T\u00da?\u201d CON UNA GIRA CARGADA DE NOSTALGIA"},"content":{"rendered":"<p>Alex Ubago regresar\u00e1 a M\u00e9xico en 2026 con una serie de conciertos que prometen convertirse en un viaje emocional hacia las canciones que marcaron a toda una generaci\u00f3n. En un a\u00f1o que coincide con el 25\u00ba aniversario de su ic\u00f3nico \u00e1lbum\u00a0<i>\u00bfQu\u00e9 pides t\u00fa?<\/i>, el cantautor vasco prepara un reencuentro \u00edntimo y luminoso con el p\u00fablico mexicano, ese que lo acompa\u00f1\u00f3 desde sus primeros pasos y que convirti\u00f3 temas como \u201cA gritos de esperanza\u201d, \u201cSin miedo a nada\u201d, \u201cSabes que t\u00fa\u201d o \u201cAunque no te pueda ver\u201d en parte inseparable de la banda sonora sentimental de millones de personas. Esta gira especial lo llevar\u00e1 por ciudades como Pachuca, Puebla, Oaxaca, Ciudad de M\u00e9xico, Tijuana, M\u00e9rida, Canc\u00fan, Monterrey, Quer\u00e9taro y Guadalajara, donde cada recinto ser\u00e1 el escenario para revivir un cuarto de siglo de historias cantadas desde la vulnerabilidad, la melancol\u00eda y la verdad desnuda que siempre han distinguido su voz.<\/p>\n<p><img loading=\"lazy\" decoding=\"async\" class=\"size-medium wp-image-914 aligncenter\" src=\"https:\/\/lenstv.mx\/wp-content\/uploads\/2025\/12\/ALEX-UBAGO-TOUR-NOV-2025-FOTO1-300x200.jpg\" alt=\"\" width=\"300\" height=\"200\" srcset=\"https:\/\/lenstv.mx\/wp-content\/uploads\/2025\/12\/ALEX-UBAGO-TOUR-NOV-2025-FOTO1-300x200.jpg 300w, https:\/\/lenstv.mx\/wp-content\/uploads\/2025\/12\/ALEX-UBAGO-TOUR-NOV-2025-FOTO1.jpg 673w\" sizes=\"auto, (max-width: 300px) 100vw, 300px\" \/><\/p>\n<p>El motivo de este reencuentro es la celebraci\u00f3n global del \u00e1lbum que cambi\u00f3 su vida. Aquel disco, publicado en 2001, le abri\u00f3 las puertas del mundo con un mill\u00f3n y medio de copias vendidas y lo consolid\u00f3 como una de las voces m\u00e1s queridas del pop mel\u00f3dico en espa\u00f1ol. Por ello, Ubago anunci\u00f3 una gira mundial que lo llevar\u00e1 por Europa, Estados Unidos, Latinoam\u00e9rica y Espa\u00f1a. En M\u00e9xico presentar\u00e1 un concierto cuidadosamente construido a partir de los temas de su debut y de los grandes \u00e9xitos que lo han acompa\u00f1ado durante estos veinticinco a\u00f1os. El repertorio ser\u00e1 un espejo del tiempo: un recorrido por canciones que a\u00fan laten con la misma fuerza con la que fueron escritas, un homenaje que el propio artista describe como \u201cun gran\u00a0<i>remember<\/i>\u201d, un reencuentro con el joven que fue y con las personas que encontraron refugio en sus letras.<\/p>\n<p><img loading=\"lazy\" decoding=\"async\" class=\"size-medium wp-image-915 aligncenter\" src=\"https:\/\/lenstv.mx\/wp-content\/uploads\/2025\/12\/ALEX-UBAGO-TOUR-NOV-2025-FOTO3-300x169.jpg\" alt=\"\" width=\"300\" height=\"169\" srcset=\"https:\/\/lenstv.mx\/wp-content\/uploads\/2025\/12\/ALEX-UBAGO-TOUR-NOV-2025-FOTO3-300x169.jpg 300w, https:\/\/lenstv.mx\/wp-content\/uploads\/2025\/12\/ALEX-UBAGO-TOUR-NOV-2025-FOTO3-1024x576.jpg 1024w, https:\/\/lenstv.mx\/wp-content\/uploads\/2025\/12\/ALEX-UBAGO-TOUR-NOV-2025-FOTO3-768x432.jpg 768w, https:\/\/lenstv.mx\/wp-content\/uploads\/2025\/12\/ALEX-UBAGO-TOUR-NOV-2025-FOTO3-1280x720.jpg 1280w, https:\/\/lenstv.mx\/wp-content\/uploads\/2025\/12\/ALEX-UBAGO-TOUR-NOV-2025-FOTO3.jpg 1300w\" sizes=\"auto, (max-width: 300px) 100vw, 300px\" \/><\/p>\n<p>Los conciertos previstos para mayo de 2026 marcar\u00e1n una ruta que inicia en Pachuca y contin\u00faa por Puebla y Oaxaca antes de llegar al hist\u00f3rico Teatro Metrop\u00f3litan en la Ciudad de M\u00e9xico. De ah\u00ed, la gira se desplazar\u00e1 hacia el norte para presentarse en Tijuana y Monterrey, regresar\u00e1 al sur con escalas en M\u00e9rida y Canc\u00fan, y culminar\u00e1 su paso por el centro-occidente del pa\u00eds con funciones en Quer\u00e9taro y Guadalajara. Cada fecha ser\u00e1 un punto de encuentro entre la nostalgia y la vigencia, donde el p\u00fablico escuchar\u00e1 de nuevo esas melod\u00edas que, como un hilo invisible, han conectado momentos esenciales de sus propias vidas. Sobre el escenario, Ubago compartir\u00e1 la emoci\u00f3n de recorrer nuevamente un camino que comenz\u00f3 hace veinticinco a\u00f1os y que hoy se renueva con la madurez y la gratitud de un artista que celebra su historia con honestidad y entrega.<\/p>\n<p>&nbsp;<\/p>\n<p>En un breve repaso por su trayectoria, Alex Ubago \u2014nacido en Vitoria el 29 de enero de 1981\u2014 descubri\u00f3 su vocaci\u00f3n musical en la adolescencia, cuando comenz\u00f3 a escribir canciones en San Sebasti\u00e1n como un simple pasatiempo. A los 18 a\u00f1os grab\u00f3 una maqueta casera que impresion\u00f3 a \u00cd\u00f1igo Argomaniz, representante de emblem\u00e1ticas bandas espa\u00f1olas, quien lo invit\u00f3 a componer m\u00e1s temas y finalmente le consigui\u00f3 un contrato discogr\u00e1fico. As\u00ed, Ubago dej\u00f3 los estudios de Empresariales y apost\u00f3 por la m\u00fasica, lanzando en 2001 su \u00e1lbum debut\u00a0<i>\u00bfQu\u00e9 pides t\u00fa?<\/i>, con el que alcanz\u00f3 ventas millonarias y conquist\u00f3 pa\u00edses como M\u00e9xico, Chile y Argentina. El impacto del disco le vali\u00f3 un Premio Ondas, tres Premios Amigo y m\u00faltiples reconocimientos internacionales, consolid\u00e1ndose como una de las figuras imprescindibles del pop en espa\u00f1ol de principios de los 2000.<\/p>\n<p>&nbsp;<\/p>\n<p>Con el paso de los a\u00f1os, su discograf\u00eda evolucion\u00f3 con trabajos como\u00a0<i>Fantas\u00eda o realidad<\/i>\u00a0\u2014reconocido por MTV Latino y Billboard\u2014,\u00a0<i>Aviones de cristal<\/i>\u00a0y\u00a0<i>Calle ilusi\u00f3n<\/i>, adem\u00e1s de colaboraciones con artistas como Craig David, Sharon Corr y, de manera muy especial, Amaia Montero en \u201cSin miedo a nada\u201d. En paralelo, Ubago form\u00f3 parte del tr\u00edo Alex, Jorge y Lena, con quienes obtuvo gran \u00e9xito en Am\u00e9rica Latina. Su carrera ha sido un reflejo de sensibilidad, madurez y una inclinaci\u00f3n natural hacia la balada rom\u00e1ntica, donde \u00e9l mismo reconoce que las emociones m\u00e1s profundas suelen surgir de la tristeza, la nostalgia y la vulnerabilidad humana. Hoy, adem\u00e1s de su camino art\u00edstico, comparte su vida con su esposa Mar\u00eda y sus dos hijos, Pablo y Manuela.<\/p>\n<p>&nbsp;<\/p>\n<p>El regreso de Alex Ubago a M\u00e9xico en 2026 se perfila como un momento trascendental para quienes han encontrado en sus canciones un espacio para refugiarse, sanar o recordar. Ser\u00e1 un reencuentro con la esencia del pop mel\u00f3dico en su forma m\u00e1s pura, un di\u00e1logo entre pasado y presente donde la palabra y la m\u00fasica volver\u00e1n a abrazarse con la fuerza de lo entra\u00f1able. Una celebraci\u00f3n que no solo honra veinticinco a\u00f1os de un disco legendario, sino tambi\u00e9n la historia de un artista que ha sabido mantenerse fiel a s\u00ed mismo y al coraz\u00f3n de quienes lo escuchan.<\/p>\n<p>&nbsp;<\/p>\n<p><b>AGENDA COMPLETA<\/b><\/p>\n<p>01 de mayo \u2013 Pachuca \u2013 Auditorio Explanada<\/p>\n<p>02 de mayo \u2013 Puebla \u2013 Auditorio Explanada<\/p>\n<p>03 de mayo \u2013 Oaxaca \u2013 Auditorio La URSE<\/p>\n<p>06 de mayo \u2013 CDMX \u2013 Teatro Metrop\u00f3litan<\/p>\n<p>07 de mayo \u2013 Tijuana \u2013 El Foro Palacio Jai Alai<\/p>\n<p>08 de mayo \u2013 M\u00e9rida \u2013 Auditorio Coca-Cola La Isla<\/p>\n<p>10 de mayo \u2013 Canc\u00fan \u2013 Plaza de Toros Canc\u00fan<\/p>\n<p>14 de mayo \u2013 Monterrey \u2013 Escenario GNP<\/p>\n<p>15 de mayo \u2013 Quer\u00e9taro \u2013 Auditorio Josefa Ortiz<\/p>\n<p>16 de mayo \u2013 Guadalajara \u2013 Teatro Diana<\/p>\n","protected":false},"excerpt":{"rendered":"<p>Alex Ubago regresar\u00e1 a M\u00e9xico en 2026 con una serie de conciertos que prometen convertirse en un viaje emocional hacia las canciones que marcaron a toda una generaci\u00f3n. En un a\u00f1o que coincide con el 25\u00ba aniversario de su ic\u00f3nico \u00e1lbum\u00a0\u00bfQu\u00e9 pides t\u00fa?, el cantautor vasco prepara un reencuentro \u00edntimo y luminoso con el p\u00fablico [&hellip;]<\/p>\n","protected":false},"author":3,"featured_media":913,"comment_status":"open","ping_status":"open","sticky":false,"template":"","format":"standard","meta":{"footnotes":""},"categories":[6,4],"tags":[],"class_list":["post-912","post","type-post","status-publish","format-standard","has-post-thumbnail","hentry","category-espectaculos","category-nacionales"],"_links":{"self":[{"href":"https:\/\/lenstv.mx\/index.php\/wp-json\/wp\/v2\/posts\/912","targetHints":{"allow":["GET"]}}],"collection":[{"href":"https:\/\/lenstv.mx\/index.php\/wp-json\/wp\/v2\/posts"}],"about":[{"href":"https:\/\/lenstv.mx\/index.php\/wp-json\/wp\/v2\/types\/post"}],"author":[{"embeddable":true,"href":"https:\/\/lenstv.mx\/index.php\/wp-json\/wp\/v2\/users\/3"}],"replies":[{"embeddable":true,"href":"https:\/\/lenstv.mx\/index.php\/wp-json\/wp\/v2\/comments?post=912"}],"version-history":[{"count":1,"href":"https:\/\/lenstv.mx\/index.php\/wp-json\/wp\/v2\/posts\/912\/revisions"}],"predecessor-version":[{"id":916,"href":"https:\/\/lenstv.mx\/index.php\/wp-json\/wp\/v2\/posts\/912\/revisions\/916"}],"wp:featuredmedia":[{"embeddable":true,"href":"https:\/\/lenstv.mx\/index.php\/wp-json\/wp\/v2\/media\/913"}],"wp:attachment":[{"href":"https:\/\/lenstv.mx\/index.php\/wp-json\/wp\/v2\/media?parent=912"}],"wp:term":[{"taxonomy":"category","embeddable":true,"href":"https:\/\/lenstv.mx\/index.php\/wp-json\/wp\/v2\/categories?post=912"},{"taxonomy":"post_tag","embeddable":true,"href":"https:\/\/lenstv.mx\/index.php\/wp-json\/wp\/v2\/tags?post=912"}],"curies":[{"name":"wp","href":"https:\/\/api.w.org\/{rel}","templated":true}]}}