{"id":932,"date":"2025-12-05T20:25:58","date_gmt":"2025-12-05T20:25:58","guid":{"rendered":"https:\/\/lenstv.mx\/?p=932"},"modified":"2025-12-05T20:25:58","modified_gmt":"2025-12-05T20:25:58","slug":"muere-eduardo-manzano-actor-y-comediante-mexicano-integrante-de-los-polivoces","status":"publish","type":"post","link":"https:\/\/lenstv.mx\/index.php\/2025\/12\/05\/muere-eduardo-manzano-actor-y-comediante-mexicano-integrante-de-los-polivoces\/","title":{"rendered":"Muere Eduardo Manzano, actor y comediante mexicano integrante de \u00abLos Polivoces\u00bb"},"content":{"rendered":"<p class=\"sc__font-paragraph\">El actor y comediante\u00a0<b>Eduardo Manzano, \u00abEl Polivoz\u00bb<\/b>, falleci\u00f3 a los 87 a\u00f1os, inform\u00f3 su hijo, el actor\u00a0<b>Lalo Manzano<\/b>\u00a0a trav\u00e9s de redes sociales, donde le dedic\u00f3 una emotiva despedida en la que destac\u00f3 su talento.<\/p>\n<p class=\"sc__font-paragraph\">\u00abCon profundo dolor despedimos a mi papito hermoso y agradecemos a todos los que respetuosamente se han sumado con sus muestras de cari\u00f1o\u00bb, se lee.<\/p>\n<p class=\"sc__font-paragraph\">En el mensaje de su hijo se lee:<\/p>\n<p class=\"sc__font-paragraph\">\u00abHoy el escenario de la vida ha bajado el tel\u00f3n. Mi padre, un comediante querido por miles y un ser humano admirado por todos los que lo conocieron,ha partido de este mundo. Fue un hombre extraordinario, bondadoso, inteligente y con un coraz\u00f3n tan grande como su talento\u00bb.<\/p>\n<p class=\"sc__font-paragraph\">Lalo enfatiz\u00f3 que detr\u00e1s de cada chiste de su padre hab\u00eda un gran trabajador que fue amado y aplaudido por el p\u00fablico que ense\u00f1\u00f3 a re\u00edr a\u00fan en los momentos m\u00e1s dif\u00edciles.<\/p>\n<p><img loading=\"lazy\" decoding=\"async\" class=\"size-full wp-image-933 aligncenter\" src=\"https:\/\/lenstv.mx\/wp-content\/uploads\/2025\/12\/POLIVOZ.jpeg\" alt=\"\" width=\"286\" height=\"176\" \/><\/p>\n<p class=\"sc__font-paragraph\">\u00abDetr\u00e1s de cada chiste hab\u00eda un trabajador incansable, detr\u00e1s de cada aplauso hab\u00eda un ser humano que amaba profundamente lo que hac\u00eda, y detr\u00e1s de cada sonrisa siempre hubo un padre que nos ense\u00f1\u00f3 a re\u00edr incluso en los momentos m\u00e1s dif\u00edciles\u00bb.<\/p>\n<p class=\"sc__font-paragraph\">Lalo, el menor de los tres hijos de Manzano le agradeci\u00f3 a su padre por haber hecho de sus vidas una obra maestra.<\/p>\n<p class=\"sc__font-paragraph\">\u00abSu legado no solo vive en los escenarios que ilumin\u00f3, sino en las personas que transform\u00f3 con una sonrisa. Gracias papito hermoso, por cada ense\u00f1anza y por haber hecho de nuestras vidas tu obra maestra. Hoy el mundo te aplaude de pie una vez m\u00e1s. Descansa en paz\u00bb.<\/p>\n<p class=\"sc__font-paragraph\">Los restos del actor ser\u00e1n velados a partir de hoy a las 16 horas en la funeraria Garc\u00eda L\u00f3pez de General Prim.<\/p>\n<p><img loading=\"lazy\" decoding=\"async\" class=\"alignnone size-medium wp-image-935\" src=\"https:\/\/lenstv.mx\/wp-content\/uploads\/2025\/12\/Captura-de-Pantalla-2025-12-05-a-las-14.20.29-300x226.png\" alt=\"\" width=\"300\" height=\"226\" srcset=\"https:\/\/lenstv.mx\/wp-content\/uploads\/2025\/12\/Captura-de-Pantalla-2025-12-05-a-las-14.20.29-300x226.png 300w, https:\/\/lenstv.mx\/wp-content\/uploads\/2025\/12\/Captura-de-Pantalla-2025-12-05-a-las-14.20.29.png 565w\" sizes=\"auto, (max-width: 300px) 100vw, 300px\" \/><\/p>\n<h2 class=\"sc__header\">\u00bfQui\u00e9n fue Eduardo Manzano?<\/h2>\n<p class=\"sc__font-paragraph\">Eduardo Manzano, conocido como \u00abEl Polivoz\u00bb, naci\u00f3 el 18 de julio de 1938 en la Ciudad de M\u00e9xico y comenz\u00f3 su carrera en la radio y el teatro como imitador de voces, inspirado por figuras como\u00a0<b>Jos\u00e9 \u00c1ngel Espinoza \u00abFerrusquilla\u00bb<\/b>.<\/p>\n<p class=\"sc__font-paragraph\">En 1959 particip\u00f3 en el programa \u00abLa Hora del Imitador\u00bb, donde conoci\u00f3 a\u00a0<b>Enrique Cuenca<\/b>, con quien form\u00f3 el d\u00fao c\u00f3mico \u00abLos Polivoces\u00bb tras un empate en el concurso.<\/p>\n<p class=\"sc__font-paragraph\">Inicialmente un tr\u00edo que se convirti\u00f3 en d\u00fao en 1960, debutaron en el Teatro Ideal y r\u00e1pidamente destacaron por su talento en caracterizaciones y\u00a0<b>humor vocal<\/b>.\u200b<\/p>\n<p class=\"sc__font-paragraph\">Durante las d\u00e9cadas de 1960 y 1970, \u00abLos Polivoces\u00bb alcanzaron la cima de la fama con su programa de televisi\u00f3n hom\u00f3nimo, transmitido en M\u00e9xico y Latinoam\u00e9rica, y pel\u00edculas como \u00abAgarrando parejo\u00bb (1964), \u00abTres mil kil\u00f3metros de amor\u00bb (1967) y \u00abEl aviso inoportuno\u00bb (1968).<\/p>\n<p class=\"sc__font-paragraph\">Crearon personajes ic\u00f3nicos como el comandante\u00a0<b>Agall\u00f3n Mafafas, Gordolfo Gelatino, Don Teofilito<\/b>\u00a0y\u00a0<b>\u00abWash and Wear\u00bb<\/b>, consolid\u00e1ndose como \u00edconos de la<b>\u00a0comedia mexicana;\u00a0<\/b>Manzano manejaba la administraci\u00f3n del d\u00fao, asegurando contratos y giras exitosas.\u200b\u200b<\/p>\n<p><img loading=\"lazy\" decoding=\"async\" class=\"size-medium wp-image-934 aligncenter\" src=\"https:\/\/lenstv.mx\/wp-content\/uploads\/2025\/12\/POLIVOZ2-300x162.jpeg\" alt=\"\" width=\"300\" height=\"162\" srcset=\"https:\/\/lenstv.mx\/wp-content\/uploads\/2025\/12\/POLIVOZ2-300x162.jpeg 300w, https:\/\/lenstv.mx\/wp-content\/uploads\/2025\/12\/POLIVOZ2.jpeg 306w\" sizes=\"auto, (max-width: 300px) 100vw, 300px\" \/><\/p>\n<p class=\"sc__font-paragraph\">En d\u00e9cadas posteriores, Manzano continu\u00f3 su trayectoria en cine y televisi\u00f3n con filmes como \u00abEscuela para brujas\u00bb (1990) y \u00abYo hice a Roque III\u00bb (1993), y en 2007 interpret\u00f3 a Arnoldo L\u00f3pez en la serie \u00ab<b>Una familia de diez<\/b>\u00bb junto a\u00a0<b>Jorge Ortiz de Pinedo<\/b>.<\/p>\n<p class=\"sc__font-paragraph\">Prest\u00f3 su voz para animaciones como Nikt\u00e9 y particip\u00f3 en obras teatrales, manteniendo su legado como maestro de la imitaci\u00f3n hasta bien entrado el siglo XXI. A sus 82 a\u00f1os, en 2021, fue hospitalizado por una infecci\u00f3n biliar, reviviendo la nostalgia por su aporte al\u00a0<b>humor mexicano<\/b>.<\/p>\n<p class=\"sc__font-paragraph\">Junto a\u00a0<b>Lourdes Mart\u00ednez<\/b>, primera voz del<b>\u00a0tr\u00edo Los Impala<\/b>, tienen tres hijos, Mariela Manzano Mart\u00ednez, Ariel Manzano Mart\u00ednez, y Eduardo Manzano Mart\u00ednez, Eduardo y Ariel al igual que su padre se dedican al humorismo.<\/p>\n<p>DESCANSE EN PAZ EDUARDO MANZANO \u00abEL POLIVOZ\u00bb (1938 -2025)<\/p>\n","protected":false},"excerpt":{"rendered":"<p>El actor y comediante\u00a0Eduardo Manzano, \u00abEl Polivoz\u00bb, falleci\u00f3 a los 87 a\u00f1os, inform\u00f3 su hijo, el actor\u00a0Lalo Manzano\u00a0a trav\u00e9s de redes sociales, donde le dedic\u00f3 una emotiva despedida en la que destac\u00f3 su talento. \u00abCon profundo dolor despedimos a mi papito hermoso y agradecemos a todos los que respetuosamente se han sumado con sus muestras [&hellip;]<\/p>\n","protected":false},"author":3,"featured_media":936,"comment_status":"open","ping_status":"open","sticky":false,"template":"","format":"standard","meta":{"footnotes":""},"categories":[45,6,4],"tags":[],"class_list":["post-932","post","type-post","status-publish","format-standard","has-post-thumbnail","hentry","category-arte-y-cultura","category-espectaculos","category-nacionales"],"_links":{"self":[{"href":"https:\/\/lenstv.mx\/index.php\/wp-json\/wp\/v2\/posts\/932","targetHints":{"allow":["GET"]}}],"collection":[{"href":"https:\/\/lenstv.mx\/index.php\/wp-json\/wp\/v2\/posts"}],"about":[{"href":"https:\/\/lenstv.mx\/index.php\/wp-json\/wp\/v2\/types\/post"}],"author":[{"embeddable":true,"href":"https:\/\/lenstv.mx\/index.php\/wp-json\/wp\/v2\/users\/3"}],"replies":[{"embeddable":true,"href":"https:\/\/lenstv.mx\/index.php\/wp-json\/wp\/v2\/comments?post=932"}],"version-history":[{"count":1,"href":"https:\/\/lenstv.mx\/index.php\/wp-json\/wp\/v2\/posts\/932\/revisions"}],"predecessor-version":[{"id":937,"href":"https:\/\/lenstv.mx\/index.php\/wp-json\/wp\/v2\/posts\/932\/revisions\/937"}],"wp:featuredmedia":[{"embeddable":true,"href":"https:\/\/lenstv.mx\/index.php\/wp-json\/wp\/v2\/media\/936"}],"wp:attachment":[{"href":"https:\/\/lenstv.mx\/index.php\/wp-json\/wp\/v2\/media?parent=932"}],"wp:term":[{"taxonomy":"category","embeddable":true,"href":"https:\/\/lenstv.mx\/index.php\/wp-json\/wp\/v2\/categories?post=932"},{"taxonomy":"post_tag","embeddable":true,"href":"https:\/\/lenstv.mx\/index.php\/wp-json\/wp\/v2\/tags?post=932"}],"curies":[{"name":"wp","href":"https:\/\/api.w.org\/{rel}","templated":true}]}}