{"id":966,"date":"2025-12-16T02:29:40","date_gmt":"2025-12-16T02:29:40","guid":{"rendered":"https:\/\/lenstv.mx\/?p=966"},"modified":"2025-12-16T02:29:40","modified_gmt":"2025-12-16T02:29:40","slug":"reconocen-a-servidoras-y-servidores-de-la-nacion-por-su-labor-en-emergencias-sociales","status":"publish","type":"post","link":"https:\/\/lenstv.mx\/index.php\/2025\/12\/16\/reconocen-a-servidoras-y-servidores-de-la-nacion-por-su-labor-en-emergencias-sociales\/","title":{"rendered":"Reconocen a Servidoras y Servidores de la Naci\u00f3n por su labor en emergencias sociales"},"content":{"rendered":"<p>Se entregaron 500 reconocimientos a Servidoras y Servidores de la Naci\u00f3n, quienes d\u00eda a d\u00eda demuestran que el servicio p\u00fablico puede ejercerse con humanidad, honestidad y amor al pueblo, guiados y respaldados durante su labor por la Secretaria de Bienestar, Ariadna Montiel Reyes.<\/p>\n<p>La Delegada de Programas para el Bienestar en Zacatecas, Adilene Rosales Romero, encabez\u00f3 la entrega de 500 reconocimientos a Servidoras y Servidores de la Naci\u00f3n, quienes fueron distinguidos por su destacada labor en la atenci\u00f3n de emergencias sociales y el acompa\u00f1amiento directo al pueblo.<\/p>\n<p><img loading=\"lazy\" decoding=\"async\" class=\"size-medium wp-image-969 aligncenter\" src=\"https:\/\/lenstv.mx\/wp-content\/uploads\/2025\/12\/WhatsApp-Image-2025-12-15-at-4.18.54-PM-300x200.jpeg\" alt=\"\" width=\"300\" height=\"200\" srcset=\"https:\/\/lenstv.mx\/wp-content\/uploads\/2025\/12\/WhatsApp-Image-2025-12-15-at-4.18.54-PM-300x200.jpeg 300w, https:\/\/lenstv.mx\/wp-content\/uploads\/2025\/12\/WhatsApp-Image-2025-12-15-at-4.18.54-PM-1024x682.jpeg 1024w, https:\/\/lenstv.mx\/wp-content\/uploads\/2025\/12\/WhatsApp-Image-2025-12-15-at-4.18.54-PM-768x512.jpeg 768w, https:\/\/lenstv.mx\/wp-content\/uploads\/2025\/12\/WhatsApp-Image-2025-12-15-at-4.18.54-PM.jpeg 1280w\" sizes=\"auto, (max-width: 300px) 100vw, 300px\" \/><\/p>\n<p>Durante el evento, la Delegada destac\u00f3 que el trabajo que realizan las Servidoras y los Servidores de la Naci\u00f3n representa la esencia del humanismo mexicano y de la econom\u00eda moral, al llevar la presencia del Estado hasta las comunidades m\u00e1s apartadas, especialmente en momentos de mayor vulnerabilidad para las familias.<\/p>\n<p>\u201cUstedes han cambiado la idea que se ten\u00eda de un servidor p\u00fablico, gracias por demostrar, con hechos, que el servicio p\u00fablico puede ejercerse con humanidad, con honestidad y con profundo amor al pueblo\u201d, puntualiz\u00f3.<\/p>\n<p>En su mensaje, se resalt\u00f3 que, en los \u00faltimos dos a\u00f1os, las brigadas de Bienestar han brindado atenci\u00f3n a m\u00e1s de 320 mil personas afectadas por diversos fen\u00f3menos naturales, como los huracanes Otis, John y Erick en Guerrero y Oaxaca, as\u00ed como por lluvias intensas en estados como Hidalgo, San Luis Potos\u00ed y Veracruz. Asimismo, se record\u00f3 la participaci\u00f3n del personal en el censo de jornaleros agr\u00edcolas en San Quint\u00edn, Baja California.<\/p>\n<p><img loading=\"lazy\" decoding=\"async\" class=\"size-medium wp-image-968 aligncenter\" src=\"https:\/\/lenstv.mx\/wp-content\/uploads\/2025\/12\/WhatsApp-Image-2025-12-15-at-4.18.54-PM-1-300x200.jpeg\" alt=\"\" width=\"300\" height=\"200\" srcset=\"https:\/\/lenstv.mx\/wp-content\/uploads\/2025\/12\/WhatsApp-Image-2025-12-15-at-4.18.54-PM-1-300x200.jpeg 300w, https:\/\/lenstv.mx\/wp-content\/uploads\/2025\/12\/WhatsApp-Image-2025-12-15-at-4.18.54-PM-1-1024x682.jpeg 1024w, https:\/\/lenstv.mx\/wp-content\/uploads\/2025\/12\/WhatsApp-Image-2025-12-15-at-4.18.54-PM-1-768x512.jpeg 768w, https:\/\/lenstv.mx\/wp-content\/uploads\/2025\/12\/WhatsApp-Image-2025-12-15-at-4.18.54-PM-1.jpeg 1280w\" sizes=\"auto, (max-width: 300px) 100vw, 300px\" \/><\/p>\n<p>Finalmente, reiter\u00f3 que el Gobierno de M\u00e9xico gobierna desde el territorio, de manera directa y sin intermediarios, guiado por los principios de no mentir, no robar y no traicionar al pueblo. Bajo el eje \u00e9tico de \u201cPor el bien de todos, primero los pobres\u201d, principios que hoy se traducen en derechos, justicia social y bienestar para el pueblo de Zacatecas y de M\u00e9xico.<\/p>\n<p>Por su parte, el gobernador del estado, David Monreal \u00c1vila, felicit\u00f3 a las y los Servidores de la Naci\u00f3n por su gran labor por el bienestar de las y los mexicanos: \u201cUstedes son unos gigantes; ustedes han demostrado que s\u00ed se puede llevar verdadera justicia a nuestra gente\u201d.<\/p>\n<p>Asimismo, reconoci\u00f3 su esp\u00edritu de servir a la naci\u00f3n, se\u00f1alando que han sido un verdadero eje frente a las contingencias, y destac\u00f3 que, por primera vez en la historia del pa\u00eds, en menos de un mes se logr\u00f3 la restauraci\u00f3n y normalidad de las zonas afectadas.<\/p>\n<p>&nbsp;<\/p>\n","protected":false},"excerpt":{"rendered":"<p>Se entregaron 500 reconocimientos a Servidoras y Servidores de la Naci\u00f3n, quienes d\u00eda a d\u00eda demuestran que el servicio p\u00fablico puede ejercerse con humanidad, honestidad y amor al pueblo, guiados y respaldados durante su labor por la Secretaria de Bienestar, Ariadna Montiel Reyes. La Delegada de Programas para el Bienestar en Zacatecas, Adilene Rosales Romero, [&hellip;]<\/p>\n","protected":false},"author":3,"featured_media":967,"comment_status":"open","ping_status":"open","sticky":false,"template":"","format":"standard","meta":{"footnotes":""},"categories":[2,3],"tags":[],"class_list":["post-966","post","type-post","status-publish","format-standard","has-post-thumbnail","hentry","category-lens-noticias","category-locales"],"_links":{"self":[{"href":"https:\/\/lenstv.mx\/index.php\/wp-json\/wp\/v2\/posts\/966","targetHints":{"allow":["GET"]}}],"collection":[{"href":"https:\/\/lenstv.mx\/index.php\/wp-json\/wp\/v2\/posts"}],"about":[{"href":"https:\/\/lenstv.mx\/index.php\/wp-json\/wp\/v2\/types\/post"}],"author":[{"embeddable":true,"href":"https:\/\/lenstv.mx\/index.php\/wp-json\/wp\/v2\/users\/3"}],"replies":[{"embeddable":true,"href":"https:\/\/lenstv.mx\/index.php\/wp-json\/wp\/v2\/comments?post=966"}],"version-history":[{"count":1,"href":"https:\/\/lenstv.mx\/index.php\/wp-json\/wp\/v2\/posts\/966\/revisions"}],"predecessor-version":[{"id":970,"href":"https:\/\/lenstv.mx\/index.php\/wp-json\/wp\/v2\/posts\/966\/revisions\/970"}],"wp:featuredmedia":[{"embeddable":true,"href":"https:\/\/lenstv.mx\/index.php\/wp-json\/wp\/v2\/media\/967"}],"wp:attachment":[{"href":"https:\/\/lenstv.mx\/index.php\/wp-json\/wp\/v2\/media?parent=966"}],"wp:term":[{"taxonomy":"category","embeddable":true,"href":"https:\/\/lenstv.mx\/index.php\/wp-json\/wp\/v2\/categories?post=966"},{"taxonomy":"post_tag","embeddable":true,"href":"https:\/\/lenstv.mx\/index.php\/wp-json\/wp\/v2\/tags?post=966"}],"curies":[{"name":"wp","href":"https:\/\/api.w.org\/{rel}","templated":true}]}}