{"id":972,"date":"2025-12-17T19:53:34","date_gmt":"2025-12-17T19:53:34","guid":{"rendered":"https:\/\/lenstv.mx\/?p=972"},"modified":"2025-12-17T19:53:34","modified_gmt":"2025-12-17T19:53:34","slug":"ayuntamiento-de-zacatecas-continua-llevando-la-magia-navidena-a-colonias-y-comunidades-de-la-capital","status":"publish","type":"post","link":"https:\/\/lenstv.mx\/index.php\/2025\/12\/17\/ayuntamiento-de-zacatecas-continua-llevando-la-magia-navidena-a-colonias-y-comunidades-de-la-capital\/","title":{"rendered":"Ayuntamiento de Zacatecas contin\u00faa llevando la magia navide\u00f1a a colonias y comunidades de la capital."},"content":{"rendered":"<p>Con un esfuerzo sin precedentes y un firme compromiso con la convivencia comunitaria, el Ayuntamiento de Zacatecas, encabezado por el alcalde Miguel Varela Pinedo, contin\u00faa llevando la magia de la Navidad a cada rinc\u00f3n de la capital. Tan solo este lunes 15 de diciembre, se realizaron ocho posadas en un solo d\u00eda, reflejo del trabajo coordinado, la dedicaci\u00f3n del personal municipal y la voluntad de fortalecer los lazos entre gobierno y ciudadan\u00eda.<\/p>\n<p>Las colonias y comunidades beneficiadas con estas celebraciones fueron Francisco I. Madero, Cieneguillas, La Escondida, La Pimienta, Cumbres, L\u00e1zaro C\u00e1rdenas, Frente Popular y Luis Donaldo Colosio, donde ni\u00f1as, ni\u00f1os, j\u00f3venes y familias completas se reunieron para compartir momentos de alegr\u00eda, tradiciones y esp\u00edritu navide\u00f1o.<\/p>\n<p><img loading=\"lazy\" decoding=\"async\" class=\"size-medium wp-image-974 aligncenter\" src=\"https:\/\/lenstv.mx\/wp-content\/uploads\/2025\/12\/WhatsApp-Image-2025-12-16-at-9.06.38-AM-300x200.jpeg\" alt=\"\" width=\"300\" height=\"200\" srcset=\"https:\/\/lenstv.mx\/wp-content\/uploads\/2025\/12\/WhatsApp-Image-2025-12-16-at-9.06.38-AM-300x200.jpeg 300w, https:\/\/lenstv.mx\/wp-content\/uploads\/2025\/12\/WhatsApp-Image-2025-12-16-at-9.06.38-AM-1024x683.jpeg 1024w, https:\/\/lenstv.mx\/wp-content\/uploads\/2025\/12\/WhatsApp-Image-2025-12-16-at-9.06.38-AM-768x512.jpeg 768w, https:\/\/lenstv.mx\/wp-content\/uploads\/2025\/12\/WhatsApp-Image-2025-12-16-at-9.06.38-AM-1536x1025.jpeg 1536w, https:\/\/lenstv.mx\/wp-content\/uploads\/2025\/12\/WhatsApp-Image-2025-12-16-at-9.06.38-AM-2048x1366.jpeg 2048w\" sizes=\"auto, (max-width: 300px) 100vw, 300px\" \/><\/p>\n<p>Durante su recorrido, el alcalde Miguel Varela Pinedo convivi\u00f3 directamente con las y los capitalinos, agradeciendo la c\u00e1lida recepci\u00f3n y la participaci\u00f3n activa de la ciudadan\u00eda en cada una de las posadas. Destac\u00f3 que la realizaci\u00f3n de ocho eventos en un solo d\u00eda es muestra del compromiso de su administraci\u00f3n por estar presente en las colonias y comunidades, escuchar a la gente y construir cercan\u00eda real entre la sociedad civil y el gobierno municipal.<\/p>\n<p>\u201cEl objetivo de acudir personalmente a estas celebraciones es mantener un gobierno cercano, humano y sensible. La Navidad es una oportunidad para encontrarnos, convivir y recordar que trabajando juntos podemos lograr una capital m\u00e1s unida y solidaria\u201d, expres\u00f3 el alcalde ante las y los asistentes.<\/p>\n<p><img loading=\"lazy\" decoding=\"async\" class=\"alignnone size-medium wp-image-975\" src=\"https:\/\/lenstv.mx\/wp-content\/uploads\/2025\/12\/WhatsApp-Image-2025-12-16-at-9.06.39-AM-1-300x200.jpeg\" alt=\"\" width=\"300\" height=\"200\" srcset=\"https:\/\/lenstv.mx\/wp-content\/uploads\/2025\/12\/WhatsApp-Image-2025-12-16-at-9.06.39-AM-1-300x200.jpeg 300w, https:\/\/lenstv.mx\/wp-content\/uploads\/2025\/12\/WhatsApp-Image-2025-12-16-at-9.06.39-AM-1-1024x683.jpeg 1024w, https:\/\/lenstv.mx\/wp-content\/uploads\/2025\/12\/WhatsApp-Image-2025-12-16-at-9.06.39-AM-1-768x512.jpeg 768w, https:\/\/lenstv.mx\/wp-content\/uploads\/2025\/12\/WhatsApp-Image-2025-12-16-at-9.06.39-AM-1-1536x1025.jpeg 1536w, https:\/\/lenstv.mx\/wp-content\/uploads\/2025\/12\/WhatsApp-Image-2025-12-16-at-9.06.39-AM-1-2048x1366.jpeg 2048w\" sizes=\"auto, (max-width: 300px) 100vw, 300px\" \/><\/p>\n<p>Asimismo, Miguel Varela Pinedo reiter\u00f3 su agradecimiento por la confianza depositada en su persona y en quienes integran la administraci\u00f3n municipal, subrayando que el pr\u00f3ximo a\u00f1o se continuar\u00e1 trabajando con responsabilidad y compromiso en beneficio de Zacatecas y su gente.<\/p>\n<p>Finalmente, el presidente municipal invit\u00f3 a las y los capitalinos a mantenerse atentos a las pr\u00f3ximas posadas que seguir\u00e1n realiz\u00e1ndose en distintos puntos de la capital, las cuales ser\u00e1n anunciadas a trav\u00e9s de las redes sociales oficiales del Ayuntamiento de Zacatecas, para que m\u00e1s familias puedan sumarse y seguir compartiendo, juntas y unidos, la magia de las fiestas decembrinas.<\/p>\n<p><img loading=\"lazy\" decoding=\"async\" class=\"size-medium wp-image-976 aligncenter\" src=\"https:\/\/lenstv.mx\/wp-content\/uploads\/2025\/12\/WhatsApp-Image-2025-12-16-at-9.06.39-AM-300x200.jpeg\" alt=\"\" width=\"300\" height=\"200\" srcset=\"https:\/\/lenstv.mx\/wp-content\/uploads\/2025\/12\/WhatsApp-Image-2025-12-16-at-9.06.39-AM-300x200.jpeg 300w, https:\/\/lenstv.mx\/wp-content\/uploads\/2025\/12\/WhatsApp-Image-2025-12-16-at-9.06.39-AM-1024x683.jpeg 1024w, https:\/\/lenstv.mx\/wp-content\/uploads\/2025\/12\/WhatsApp-Image-2025-12-16-at-9.06.39-AM-768x512.jpeg 768w, https:\/\/lenstv.mx\/wp-content\/uploads\/2025\/12\/WhatsApp-Image-2025-12-16-at-9.06.39-AM-1536x1025.jpeg 1536w, https:\/\/lenstv.mx\/wp-content\/uploads\/2025\/12\/WhatsApp-Image-2025-12-16-at-9.06.39-AM-2048x1366.jpeg 2048w\" sizes=\"auto, (max-width: 300px) 100vw, 300px\" \/><\/p>\n","protected":false},"excerpt":{"rendered":"<p>Con un esfuerzo sin precedentes y un firme compromiso con la convivencia comunitaria, el Ayuntamiento de Zacatecas, encabezado por el alcalde Miguel Varela Pinedo, contin\u00faa llevando la magia de la Navidad a cada rinc\u00f3n de la capital. Tan solo este lunes 15 de diciembre, se realizaron ocho posadas en un solo d\u00eda, reflejo del trabajo [&hellip;]<\/p>\n","protected":false},"author":3,"featured_media":973,"comment_status":"open","ping_status":"open","sticky":false,"template":"","format":"standard","meta":{"footnotes":""},"categories":[2,3],"tags":[],"class_list":["post-972","post","type-post","status-publish","format-standard","has-post-thumbnail","hentry","category-lens-noticias","category-locales"],"_links":{"self":[{"href":"https:\/\/lenstv.mx\/index.php\/wp-json\/wp\/v2\/posts\/972","targetHints":{"allow":["GET"]}}],"collection":[{"href":"https:\/\/lenstv.mx\/index.php\/wp-json\/wp\/v2\/posts"}],"about":[{"href":"https:\/\/lenstv.mx\/index.php\/wp-json\/wp\/v2\/types\/post"}],"author":[{"embeddable":true,"href":"https:\/\/lenstv.mx\/index.php\/wp-json\/wp\/v2\/users\/3"}],"replies":[{"embeddable":true,"href":"https:\/\/lenstv.mx\/index.php\/wp-json\/wp\/v2\/comments?post=972"}],"version-history":[{"count":1,"href":"https:\/\/lenstv.mx\/index.php\/wp-json\/wp\/v2\/posts\/972\/revisions"}],"predecessor-version":[{"id":977,"href":"https:\/\/lenstv.mx\/index.php\/wp-json\/wp\/v2\/posts\/972\/revisions\/977"}],"wp:featuredmedia":[{"embeddable":true,"href":"https:\/\/lenstv.mx\/index.php\/wp-json\/wp\/v2\/media\/973"}],"wp:attachment":[{"href":"https:\/\/lenstv.mx\/index.php\/wp-json\/wp\/v2\/media?parent=972"}],"wp:term":[{"taxonomy":"category","embeddable":true,"href":"https:\/\/lenstv.mx\/index.php\/wp-json\/wp\/v2\/categories?post=972"},{"taxonomy":"post_tag","embeddable":true,"href":"https:\/\/lenstv.mx\/index.php\/wp-json\/wp\/v2\/tags?post=972"}],"curies":[{"name":"wp","href":"https:\/\/api.w.org\/{rel}","templated":true}]}}