{"id":978,"date":"2025-12-19T19:56:44","date_gmt":"2025-12-19T19:56:44","guid":{"rendered":"https:\/\/lenstv.mx\/?p=978"},"modified":"2025-12-19T19:56:44","modified_gmt":"2025-12-19T19:56:44","slug":"clausuran-segundo-periodo-de-sesiones-ordinarias-del-pleno-del-tsjez","status":"publish","type":"post","link":"https:\/\/lenstv.mx\/index.php\/2025\/12\/19\/clausuran-segundo-periodo-de-sesiones-ordinarias-del-pleno-del-tsjez\/","title":{"rendered":"CLAUSURAN SEGUNDO PERIODO DE SESIONES ORDINARIAS DEL PLENO DEL TSJEZ"},"content":{"rendered":"<p>Con fundamento en lo dispuesto por el art\u00edculo 9 de la Ley Org\u00e1nica del Poder Judicial del Estado, el Pleno del Tribunal Superior de Justicia del Estado de Zacatecas (TSJEZ) dio por clausurado el segundo periodo de sesiones ordinarias, el cual dio inicio el primer d\u00eda h\u00e1bil del mes de agosto.<\/p>\n<p>Durante la sesi\u00f3n de clausura, el Pleno del TSJEZ, presidido por el Magistrado Carlos Villegas M\u00e1rquez, aprob\u00f3 por unanimidad la designaci\u00f3n del Magistrado Octavio Quintanar S\u00e1nchez como representante del Tribunal Superior de Justicia ante el Comit\u00e9 de Transparencia.<\/p>\n<p><img loading=\"lazy\" decoding=\"async\" class=\"size-medium wp-image-980 aligncenter\" src=\"https:\/\/lenstv.mx\/wp-content\/uploads\/2025\/12\/WhatsApp-Image-2025-12-19-at-1.37.25-PM-300x200.jpeg\" alt=\"\" width=\"300\" height=\"200\" srcset=\"https:\/\/lenstv.mx\/wp-content\/uploads\/2025\/12\/WhatsApp-Image-2025-12-19-at-1.37.25-PM-300x200.jpeg 300w, https:\/\/lenstv.mx\/wp-content\/uploads\/2025\/12\/WhatsApp-Image-2025-12-19-at-1.37.25-PM-1024x682.jpeg 1024w, https:\/\/lenstv.mx\/wp-content\/uploads\/2025\/12\/WhatsApp-Image-2025-12-19-at-1.37.25-PM-768x512.jpeg 768w, https:\/\/lenstv.mx\/wp-content\/uploads\/2025\/12\/WhatsApp-Image-2025-12-19-at-1.37.25-PM-1536x1023.jpeg 1536w, https:\/\/lenstv.mx\/wp-content\/uploads\/2025\/12\/WhatsApp-Image-2025-12-19-at-1.37.25-PM.jpeg 1600w\" sizes=\"auto, (max-width: 300px) 100vw, 300px\" \/><\/p>\n<p>Dicho Comit\u00e9 de Transparencia estar\u00e1 conformado por un representante del \u00d3rgano de Administraci\u00f3n Judicial, as\u00ed como por un representante del Tribunal de Disciplina Judicial, con el objetivo de fortalecer los mecanismos institucionales de acceso a la informaci\u00f3n, rendici\u00f3n de cuentas y cumplimiento de las disposiciones en materia de transparencia.<\/p>\n<p>Con esta designaci\u00f3n, el Tribunal Superior de Justicia del Estado refrenda su compromiso con la legalidad, la apertura institucional y la consolidaci\u00f3n de una justicia m\u00e1s transparente y cercana a la ciudadan\u00eda.<\/p>\n","protected":false},"excerpt":{"rendered":"<p>Con fundamento en lo dispuesto por el art\u00edculo 9 de la Ley Org\u00e1nica del Poder Judicial del Estado, el Pleno del Tribunal Superior de Justicia del Estado de Zacatecas (TSJEZ) dio por clausurado el segundo periodo de sesiones ordinarias, el cual dio inicio el primer d\u00eda h\u00e1bil del mes de agosto. Durante la sesi\u00f3n de [&hellip;]<\/p>\n","protected":false},"author":3,"featured_media":979,"comment_status":"open","ping_status":"open","sticky":false,"template":"","format":"standard","meta":{"footnotes":""},"categories":[2,3],"tags":[12,13],"class_list":["post-978","post","type-post","status-publish","format-standard","has-post-thumbnail","hentry","category-lens-noticias","category-locales","tag-lensnoticias","tag-mantenteinformado"],"_links":{"self":[{"href":"https:\/\/lenstv.mx\/index.php\/wp-json\/wp\/v2\/posts\/978","targetHints":{"allow":["GET"]}}],"collection":[{"href":"https:\/\/lenstv.mx\/index.php\/wp-json\/wp\/v2\/posts"}],"about":[{"href":"https:\/\/lenstv.mx\/index.php\/wp-json\/wp\/v2\/types\/post"}],"author":[{"embeddable":true,"href":"https:\/\/lenstv.mx\/index.php\/wp-json\/wp\/v2\/users\/3"}],"replies":[{"embeddable":true,"href":"https:\/\/lenstv.mx\/index.php\/wp-json\/wp\/v2\/comments?post=978"}],"version-history":[{"count":1,"href":"https:\/\/lenstv.mx\/index.php\/wp-json\/wp\/v2\/posts\/978\/revisions"}],"predecessor-version":[{"id":981,"href":"https:\/\/lenstv.mx\/index.php\/wp-json\/wp\/v2\/posts\/978\/revisions\/981"}],"wp:featuredmedia":[{"embeddable":true,"href":"https:\/\/lenstv.mx\/index.php\/wp-json\/wp\/v2\/media\/979"}],"wp:attachment":[{"href":"https:\/\/lenstv.mx\/index.php\/wp-json\/wp\/v2\/media?parent=978"}],"wp:term":[{"taxonomy":"category","embeddable":true,"href":"https:\/\/lenstv.mx\/index.php\/wp-json\/wp\/v2\/categories?post=978"},{"taxonomy":"post_tag","embeddable":true,"href":"https:\/\/lenstv.mx\/index.php\/wp-json\/wp\/v2\/tags?post=978"}],"curies":[{"name":"wp","href":"https:\/\/api.w.org\/{rel}","templated":true}]}}